{"id":7808,"date":"2022-07-08T13:15:27","date_gmt":"2022-07-08T16:15:27","guid":{"rendered":"https:\/\/defensoriarionegro.gov.ar\/drn\/?p=7808"},"modified":"2022-07-08T13:15:27","modified_gmt":"2022-07-08T16:15:27","slug":"renovacion-del-convenio-de-colaboracion-reciproca-entre-la-defensoria-del-pueblo-y-el-superior-tribunal-de-justicia","status":"publish","type":"post","link":"https:\/\/defensoriarionegro.gov.ar\/drn\/renovacion-del-convenio-de-colaboracion-reciproca-entre-la-defensoria-del-pueblo-y-el-superior-tribunal-de-justicia\/","title":{"rendered":"Renovaci\u00f3n del convenio de colaboraci\u00f3n rec\u00edproca entre la Defensor\u00eda del Pueblo y el Superior Tribunal de Justicia"},"content":{"rendered":"\n<p>8 de julio 2022- La pr\u00f3rroga de un acuerdo entre el STJ y la Defensor\u00eda permite, por un lado, continuar con la ampliaci\u00f3n de las posibilidades de atenci\u00f3n de la Defensor\u00eda utilizando espacios judiciales en toda la geograf\u00eda provincial y, por el otro, capacitar a los Juzgados de Paz y Oficinas de Atenci\u00f3n a las Personas sobre todas aquellas cuestiones en las que interviene la Defensor\u00eda del Pueblo y su accionar concreto. Tambi\u00e9n, desde esos organismos del Poder Judicial se podr\u00e1 derivar determinados temas a la Defensor\u00eda, siempre que contribuya a \u201cevitar la judicializaci\u00f3n de aquellas cuestiones que cuentan con v\u00edas administrativas para la resoluci\u00f3n\u201d.<\/p>\n\n\n\n<p>En la firma del convenio, que se realiz\u00f3 en el Superior Tribunal de Justicia, estuvieron presentes el presidente del STJ, Sergio Barotto, el vocal Sergio Ceci y la defensora del pueblo, Adriana Santagati.<\/p>\n\n\n\n<p>El convenio ya tiene varios a\u00f1os. En la pr\u00f3rroga se consigna que \u201cla Defensora del Pueblo de R\u00edo Negro y el Superior Tribunal de Justicia han evaluado como muy satisfactoria la articulaci\u00f3n interinstitucional advirtiendo la necesidad de dar continuidad en la relaci\u00f3n directa con los organismos\u201d.<\/p>\n\n\n\n<p>De esta forma, el organismo de control continuar\u00e1 con la presencia en los 49 Juzgados de Paz de toda la provincia con un espacio fijo para atender a los ciudadanos que deseen realizar sus consultas o reclamos, ya sea de forma presencial o virtual, cada vez que las autoridades de la Defensor\u00eda acuerden con los titulares de los Juzgados la atenci\u00f3n.<\/p>\n\n\n\n<p>Los espacios cedidos por el Poder Judicial no van a funcionar como receptor\u00edas del organismo de control, no obstante en todos ellos se podr\u00e1n retirar los formularios y sus respectivos sobres, con franqueo pago, para formular la queja. Adem\u00e1s, aquellas personas que lo prefieran, podr\u00e1n optar por sacar un turno a los fines de realizar una videollamada con asesores de la Defensor\u00eda para expresar sus inquietudes o requerir asesoramiento.<\/p>\n\n\n\n<p>Agilizar y optimizar el tr\u00e1mite iniciado por un ciudadano es uno de los objetivos de la Defensor\u00eda del Pueblo y este convenio resulta una de las formas concretas para cumplirlo.<\/p>\n","protected":false},"excerpt":{"rendered":"<p>8 de julio 2022- La pr\u00f3rroga de un acuerdo entre el STJ y la Defensor\u00eda permite, por un lado, continuar con la ampliaci\u00f3n de las posibilidades de atenci\u00f3n de la Defensor\u00eda utilizando espacios judiciales en toda la geograf\u00eda provincial y, por el otro, capacitar a los Juzgados de Paz y Oficinas de Atenci\u00f3n a las [&hellip;]<\/p>\n","protected":false},"author":2,"featured_media":7807,"comment_status":"closed","ping_status":"open","sticky":false,"template":"","format":"standard","meta":{"_jetpack_memberships_contains_paid_content":false,"footnotes":""},"categories":[18,49],"tags":[],"class_list":["post-7808","post","type-post","status-publish","format-standard","has-post-thumbnail","hentry","category-gacetillas","category-noticias"],"jetpack_featured_media_url":"https:\/\/defensoriarionegro.gov.ar\/drn\/wp-content\/uploads\/2022\/07\/STJ-2.jpeg","jetpack_sharing_enabled":true,"_links":{"self":[{"href":"https:\/\/defensoriarionegro.gov.ar\/drn\/wp-json\/wp\/v2\/posts\/7808","targetHints":{"allow":["GET"]}}],"collection":[{"href":"https:\/\/defensoriarionegro.gov.ar\/drn\/wp-json\/wp\/v2\/posts"}],"about":[{"href":"https:\/\/defensoriarionegro.gov.ar\/drn\/wp-json\/wp\/v2\/types\/post"}],"author":[{"embeddable":true,"href":"https:\/\/defensoriarionegro.gov.ar\/drn\/wp-json\/wp\/v2\/users\/2"}],"replies":[{"embeddable":true,"href":"https:\/\/defensoriarionegro.gov.ar\/drn\/wp-json\/wp\/v2\/comments?post=7808"}],"version-history":[{"count":0,"href":"https:\/\/defensoriarionegro.gov.ar\/drn\/wp-json\/wp\/v2\/posts\/7808\/revisions"}],"wp:featuredmedia":[{"embeddable":true,"href":"https:\/\/defensoriarionegro.gov.ar\/drn\/wp-json\/wp\/v2\/media\/7807"}],"wp:attachment":[{"href":"https:\/\/defensoriarionegro.gov.ar\/drn\/wp-json\/wp\/v2\/media?parent=7808"}],"wp:term":[{"taxonomy":"category","embeddable":true,"href":"https:\/\/defensoriarionegro.gov.ar\/drn\/wp-json\/wp\/v2\/categories?post=7808"},{"taxonomy":"post_tag","embeddable":true,"href":"https:\/\/defensoriarionegro.gov.ar\/drn\/wp-json\/wp\/v2\/tags?post=7808"}],"curies":[{"name":"wp","href":"https:\/\/api.w.org\/{rel}","templated":true}]}}