{"id":8191,"date":"2022-08-26T12:49:51","date_gmt":"2022-08-26T15:49:51","guid":{"rendered":"https:\/\/defensoriarionegro.gov.ar\/drn\/?p=8191"},"modified":"2022-08-26T12:49:51","modified_gmt":"2022-08-26T15:49:51","slug":"el-defensor-adjunto-alvaro-larreguy-participa-del-iii-plenario-anual-de-adpra","status":"publish","type":"post","link":"https:\/\/defensoriarionegro.gov.ar\/drn\/el-defensor-adjunto-alvaro-larreguy-participa-del-iii-plenario-anual-de-adpra\/","title":{"rendered":"El defensor adjunto, \u00c1lvaro Larreguy, participa del III Plenario anual de ADPRA."},"content":{"rendered":"\n<p>26 de agosto de 2022-  El evento se desarrolla durante las jornadas de hoy y ma\u00f1ana en la ciudad de Resistencia \u2013 Chaco, dentro del marco del 10\u00ba Aniversario de la Defensor\u00eda del Pueblo de esa provincia.&nbsp;<\/p>\n\n\n\n<p>Presidi\u00f3 el acto de apertura el gobernador, Jorge Milton Capitanich, el defensor del pueblo de Chaco, Bernardo Voloj y el presidente de Adpra, Dr. Lionel Su\u00e1rez.<\/p>\n\n\n\n<p>Entre otras actividades, est\u00e1 prevista la disertaci\u00f3n sobre \u201cDefensor\u00edas del Pueblo, sus prerrogativas y desaf\u00edos de su funci\u00f3n en el Estado democr\u00e1tico. 30 A\u00f1os de la consagraci\u00f3n constitucional\u201d. En este marco los participantes trabajar\u00e1n en la importancia que poseen estos organismos constitucionales como \u00f3rganos de control y de protecci\u00f3n de los derechos de la ciudadan\u00eda, buscando fortalecer su presencia en los Estados nacional y provincial y en la necesidad de una s\u00f3lida autonom\u00eda institucional.<\/p>\n\n\n\n<p>Durante el evento presentar\u00e1n el Diccionario de las Defensor\u00edas del Pueblo, a cargo de los expertos Alejandro Nat\u00f3, Carlos Constenla y Soledad Manin.<\/p>\n\n\n\n<p>Tambi\u00e9n se dictar\u00e1 una conferencia sobre derechos del consumidor: \u201cComercio a trav\u00e9s de plataformas digitales \u2013Ecommerce- Conflictos surgidos a partir del estado de pandemia. Posibles soluciones normativas y de control\u201d. La exposici\u00f3n ser\u00e1 brindada por Sebasti\u00e1n Danusso, abogado, profesor de la Facultad de Derecho, Ciencias Sociales y Pol\u00edticas de la Universidad Nacional del Nordeste. Tambi\u00e9n disertar\u00e1 Lucio Otero, abogado y ex Fiscal especializado en delitos inform\u00e1ticos.<\/p>\n\n\n\n<p>Expondr\u00e1n en la ocasi\u00f3n los diputados Juan Manuel Pedrini y Lucila Massin, sobre el&nbsp; proyecto legislativo \u201cPlanes de Ahorro\u201d.<\/p>\n\n\n\n<p>Adem\u00e1s, se abordar\u00e1 el derecho ambiental a trav\u00e9s de una exposici\u00f3n referida al \u201cAcuerdo de Escaz\u00fa\u201d. En este caso las disertaciones estar\u00e1n a cargo de Andr\u00e9s Napoli, director de la Fundaci\u00f3n Ambiente y Recursos Naturales; Antonio Rodas, senador y Vicepresidente de la Comisi\u00f3n de Recursos Naturales.<\/p>\n\n\n\n<p>Tambi\u00e9n habr\u00e1 espacio para el debate sobre el Protocolo Ind\u00edgena, entre otras cuestiones.<\/p>\n\n\n\n<figure class=\"wp-block-image size-large\"><img decoding=\"async\" src=\"https:\/\/defensoriarionegro.gov.ar\/drn\/wp-content\/uploads\/2022\/08\/Larreguy-Chaco-1024x768.jpeg\" alt=\"\" class=\"wp-image-8194\"\/><\/figure>\n\n\n\n<figure class=\"wp-block-image size-large\"><img decoding=\"async\" src=\"https:\/\/defensoriarionegro.gov.ar\/drn\/wp-content\/uploads\/2022\/08\/WhatsApp-Image-2022-08-26-at-11.50.05-AM-1024x768.jpeg\" alt=\"\" class=\"wp-image-8190\"\/><\/figure>\n","protected":false},"excerpt":{"rendered":"<p>26 de agosto de 2022- El evento se desarrolla durante las jornadas de hoy y ma\u00f1ana en la ciudad de Resistencia \u2013 Chaco, dentro del marco del 10\u00ba Aniversario de la Defensor\u00eda del Pueblo de esa provincia.&nbsp; Presidi\u00f3 el acto de apertura el gobernador, Jorge Milton Capitanich, el defensor del pueblo de Chaco, Bernardo Voloj [&hellip;]<\/p>\n","protected":false},"author":2,"featured_media":8189,"comment_status":"closed","ping_status":"open","sticky":false,"template":"","format":"standard","meta":{"_jetpack_memberships_contains_paid_content":false,"footnotes":""},"categories":[18,49],"tags":[],"class_list":["post-8191","post","type-post","status-publish","format-standard","has-post-thumbnail","hentry","category-gacetillas","category-noticias"],"jetpack_featured_media_url":"https:\/\/defensoriarionegro.gov.ar\/drn\/wp-content\/uploads\/2022\/08\/adpra-chaco.jpg","jetpack_sharing_enabled":true,"_links":{"self":[{"href":"https:\/\/defensoriarionegro.gov.ar\/drn\/wp-json\/wp\/v2\/posts\/8191","targetHints":{"allow":["GET"]}}],"collection":[{"href":"https:\/\/defensoriarionegro.gov.ar\/drn\/wp-json\/wp\/v2\/posts"}],"about":[{"href":"https:\/\/defensoriarionegro.gov.ar\/drn\/wp-json\/wp\/v2\/types\/post"}],"author":[{"embeddable":true,"href":"https:\/\/defensoriarionegro.gov.ar\/drn\/wp-json\/wp\/v2\/users\/2"}],"replies":[{"embeddable":true,"href":"https:\/\/defensoriarionegro.gov.ar\/drn\/wp-json\/wp\/v2\/comments?post=8191"}],"version-history":[{"count":0,"href":"https:\/\/defensoriarionegro.gov.ar\/drn\/wp-json\/wp\/v2\/posts\/8191\/revisions"}],"wp:featuredmedia":[{"embeddable":true,"href":"https:\/\/defensoriarionegro.gov.ar\/drn\/wp-json\/wp\/v2\/media\/8189"}],"wp:attachment":[{"href":"https:\/\/defensoriarionegro.gov.ar\/drn\/wp-json\/wp\/v2\/media?parent=8191"}],"wp:term":[{"taxonomy":"category","embeddable":true,"href":"https:\/\/defensoriarionegro.gov.ar\/drn\/wp-json\/wp\/v2\/categories?post=8191"},{"taxonomy":"post_tag","embeddable":true,"href":"https:\/\/defensoriarionegro.gov.ar\/drn\/wp-json\/wp\/v2\/tags?post=8191"}],"curies":[{"name":"wp","href":"https:\/\/api.w.org\/{rel}","templated":true}]}}