{"id":8210,"date":"2022-09-08T11:38:31","date_gmt":"2022-09-08T14:38:31","guid":{"rendered":"https:\/\/defensoriarionegro.gov.ar\/drn\/?p=8210"},"modified":"2022-09-08T11:38:31","modified_gmt":"2022-09-08T14:38:31","slug":"xiii-congreso-latinoamericano-de-investigacion-para-la-paz-del-18-al-21-de-abril-modalidad-presencial-mixta","status":"publish","type":"post","link":"https:\/\/defensoriarionegro.gov.ar\/drn\/xiii-congreso-latinoamericano-de-investigacion-para-la-paz-del-18-al-21-de-abril-modalidad-presencial-mixta\/","title":{"rendered":"XIII Congreso Latinoamericano de Investigaci\u00f3n para la paz. Del 18 al 21 de abril. Modalidad presencial mixta."},"content":{"rendered":"\n<p>8 de septiembre de 2022- Este encuentro, auspiciado entre otros por el Instituto Latinoamericano del Ombudsman-Defensor\u00edas del Pueblo- y organizado por el Consejo Latinoamericano de investigaci\u00f3n para la Paz (CLAIP) y la Universidad Alberto Hurtado de Chile, da continuidad a la iniciativa que m\u00e1s de 100 investigadores y especialistas latinoamericanos impulsaron en 1977.<\/p>\n\n\n\n<p><br>Desde aquel encuentro fundacional, el CLAIP ha contribuido al desarrollo de la disciplina de los Estudios de la Paz y el Conflicto mediante diversas propuestas de trabajo en red, publicaciones y la convocatoria de m\u00faltiples encuentros y sucesivos congresos. El m\u00e1s reciente, celebrado en 2021, se orient\u00f3 a propiciar el desarrollo de \u201cuna nueva normalidad\u201d teniendo en cuenta las alternativas epistemol\u00f3gicas al paradigma hegem\u00f3nico de la Paz Liberal.<\/p>\n\n\n\n<p><br>En esta ocasi\u00f3n, se convoca a la comunidad acad\u00e9mica y al conjunto de organizaciones, movimientos sociales, activistas y artistas comprometidos y comprometidas con la construcci\u00f3n de paz, la transformaci\u00f3n no violenta de conflictos y la defensa de la vida, a presentar propuestas contribuyentes a la construcci\u00f3n de Buen Vivir en Am\u00e9rica Latina y el mundo.<\/p>\n\n\n\n<p><br>Se aceptar\u00e1n propuestas de ponencias de investigaci\u00f3n, experiencias pr\u00e1cticas, mesas redondas, intervenciones art\u00edsticas, y presentaciones de libros, en idioma espa\u00f1ol, portugu\u00e9s e ingl\u00e9s, relacionadas con cualquiera de los campos del conocimiento y disciplinas (desde ciencias sociales, ciencias de la educaci\u00f3n, derecho, humanidades, artes y deporte, hasta ciencias naturales, ingenier\u00eda o medicina).<\/p>\n\n\n\n<p><br>La actividad se desarrollar\u00e1 de manera gratuita sin costos de inscripci\u00f3n o participaci\u00f3n y bajo una modalidad mixta.<\/p>\n\n\n\n<p>Presentaci\u00f3n de propuestas de ponencias:<a href=\"https:\/\/docs.google.com\/forms\/d\/e\/1FAIpQLSfMTvsbKS9manh-bRyfwqkNpiyASaqFWwsIKiwuw6rfIhSTqg\/viewform?usp=sf_link\" target=\"_blank\" rel=\"noreferrer noopener\"> https:\/\/docs.google.com\/forms\/d\/e\/1FAIpQLSfMTvsbKS9manh-bRyfwqkNpiyASaqFWwsIKiwuw6rfIhSTqg\/viewform?usp=sf_link<\/a><br>Inscripci\u00f3n como oyentes: <a href=\"https:\/\/docs.google.com\/forms\/d\/e\/1FAIpQLSfMTvsbKS9manh-bRyfwqkNpiyASaqFWwsIKiwuw6rfIhSTqg\/viewform?usp=sf_link\" target=\"_blank\" rel=\"noreferrer noopener\">https:\/\/docs.google.com\/forms\/d\/e\/1FAIpQLSfMTvsbKS9manh-bRyfwqkNpiyASaqFWwsIKiwuw6rfIhSTqg\/viewform?usp=sf_link<\/a><br>M\u00e1s informaci\u00f3n sobre el Congreso e inscripciones: ht<a href=\"\/\/claip.org\/ElCongreso.html\" target=\"_blank\" rel=\"noreferrer noopener\">tps:\/\/claip.org\/ElCongreso.html<\/a><\/p>\n","protected":false},"excerpt":{"rendered":"<p>8 de septiembre de 2022- Este encuentro, auspiciado entre otros por el Instituto Latinoamericano del Ombudsman-Defensor\u00edas del Pueblo- y organizado por el Consejo Latinoamericano de investigaci\u00f3n para la Paz (CLAIP) y la Universidad Alberto Hurtado de Chile, da continuidad a la iniciativa que m\u00e1s de 100 investigadores y especialistas latinoamericanos impulsaron en 1977. Desde aquel [&hellip;]<\/p>\n","protected":false},"author":2,"featured_media":8209,"comment_status":"closed","ping_status":"open","sticky":false,"template":"","format":"standard","meta":{"_jetpack_memberships_contains_paid_content":false,"footnotes":""},"categories":[18,49],"tags":[],"class_list":["post-8210","post","type-post","status-publish","format-standard","has-post-thumbnail","hentry","category-gacetillas","category-noticias"],"jetpack_featured_media_url":"https:\/\/defensoriarionegro.gov.ar\/drn\/wp-content\/uploads\/2022\/09\/CONGRESO.jpg","jetpack_sharing_enabled":true,"_links":{"self":[{"href":"https:\/\/defensoriarionegro.gov.ar\/drn\/wp-json\/wp\/v2\/posts\/8210","targetHints":{"allow":["GET"]}}],"collection":[{"href":"https:\/\/defensoriarionegro.gov.ar\/drn\/wp-json\/wp\/v2\/posts"}],"about":[{"href":"https:\/\/defensoriarionegro.gov.ar\/drn\/wp-json\/wp\/v2\/types\/post"}],"author":[{"embeddable":true,"href":"https:\/\/defensoriarionegro.gov.ar\/drn\/wp-json\/wp\/v2\/users\/2"}],"replies":[{"embeddable":true,"href":"https:\/\/defensoriarionegro.gov.ar\/drn\/wp-json\/wp\/v2\/comments?post=8210"}],"version-history":[{"count":0,"href":"https:\/\/defensoriarionegro.gov.ar\/drn\/wp-json\/wp\/v2\/posts\/8210\/revisions"}],"wp:featuredmedia":[{"embeddable":true,"href":"https:\/\/defensoriarionegro.gov.ar\/drn\/wp-json\/wp\/v2\/media\/8209"}],"wp:attachment":[{"href":"https:\/\/defensoriarionegro.gov.ar\/drn\/wp-json\/wp\/v2\/media?parent=8210"}],"wp:term":[{"taxonomy":"category","embeddable":true,"href":"https:\/\/defensoriarionegro.gov.ar\/drn\/wp-json\/wp\/v2\/categories?post=8210"},{"taxonomy":"post_tag","embeddable":true,"href":"https:\/\/defensoriarionegro.gov.ar\/drn\/wp-json\/wp\/v2\/tags?post=8210"}],"curies":[{"name":"wp","href":"https:\/\/api.w.org\/{rel}","templated":true}]}}