{"id":8677,"date":"2023-01-13T11:42:03","date_gmt":"2023-01-13T14:42:03","guid":{"rendered":"https:\/\/defensoriarionegro.gov.ar\/drn\/?p=8677"},"modified":"2025-08-29T12:04:49","modified_gmt":"2025-08-29T15:04:49","slug":"corte-de-agua-y-problemas-con-el-servicio-en-coronel-belisle","status":"publish","type":"post","link":"https:\/\/defensoriarionegro.gov.ar\/drn\/corte-de-agua-y-problemas-con-el-servicio-en-coronel-belisle\/","title":{"rendered":"Corte de agua y problemas con el servicio en Coronel Belisle."},"content":{"rendered":"\n<p><\/p>\n\n\n\n<p>13 de enero de 2023 &#8211; El d\u00eda domingo 8 una numerosa cantidad de vecinos reclamaron a la Defensor\u00eda del Pueblo por el corte del suministro de agua y las deficiencias del servicio.<\/p>\n\n\n\n<p>Desde el d\u00eda lunes a primera hora y en los d\u00edas posteriores de esta semana la defensora estuvo en comunicaci\u00f3n con autoridades de ARSA, DPA y del Ministerio de Obras P\u00fablicas por el problema de la calidad y suministro del agua en la localidad de Coronel Belisle, a quienes les solicit\u00f3 garantizar el aprovisionamiento domiciliario hasta el restablecimiento normal del servicio y fundamentalmente se trabaje de manera urgente en los proyectos de obras necesarias para garantizar un servicio de calidad.<\/p>\n\n\n\n<p>El lunes desde ARSA informaron que distribuir\u00edan agua potable, lo cual se realiz\u00f3 a partir del mediod\u00eda. Por su parte, el d\u00eda martes las autoridades de Aguas Rionegrinas mantuvieron una reuni\u00f3n con la defensora a quien informaron que a primera hora se elev\u00f3 al Ministerio de Obras y Servicios P\u00fablicos el proyecto para la construcci\u00f3n de una cisterna de almacenamiento. Adem\u00e1s, el DPA evaluar\u00e1 la relocalizaci\u00f3n de la toma de agua para lo cual inform\u00f3 que enviar\u00e1 un ge\u00f3logo con el fin de hacer un perfil del suelo. Todo lo anterior, ser\u00e1 motivo de monitoreo por parte de la Defensor\u00eda del Pueblo.<\/p>\n\n\n\n<p><\/p>\n","protected":false},"excerpt":{"rendered":"<p>13 de enero de 2023 &#8211; El d\u00eda domingo 8 una numerosa cantidad de vecinos reclamaron a la Defensor\u00eda del Pueblo por el corte del suministro de agua y las deficiencias del servicio. Desde el d\u00eda lunes a primera hora y en los d\u00edas posteriores de esta semana la defensora estuvo en comunicaci\u00f3n con autoridades [&hellip;]<\/p>\n","protected":false},"author":2,"featured_media":8678,"comment_status":"closed","ping_status":"open","sticky":false,"template":"","format":"standard","meta":{"_jetpack_memberships_contains_paid_content":false,"footnotes":""},"categories":[49],"tags":[170,28],"class_list":["post-8677","post","type-post","status-publish","format-standard","has-post-thumbnail","hentry","category-noticias","tag-agua","tag-servicios-publicos"],"jetpack_featured_media_url":"https:\/\/defensoriarionegro.gov.ar\/drn\/wp-content\/uploads\/2023\/01\/Reunion-Arsa.jpg","jetpack_sharing_enabled":true,"_links":{"self":[{"href":"https:\/\/defensoriarionegro.gov.ar\/drn\/wp-json\/wp\/v2\/posts\/8677","targetHints":{"allow":["GET"]}}],"collection":[{"href":"https:\/\/defensoriarionegro.gov.ar\/drn\/wp-json\/wp\/v2\/posts"}],"about":[{"href":"https:\/\/defensoriarionegro.gov.ar\/drn\/wp-json\/wp\/v2\/types\/post"}],"author":[{"embeddable":true,"href":"https:\/\/defensoriarionegro.gov.ar\/drn\/wp-json\/wp\/v2\/users\/2"}],"replies":[{"embeddable":true,"href":"https:\/\/defensoriarionegro.gov.ar\/drn\/wp-json\/wp\/v2\/comments?post=8677"}],"version-history":[{"count":1,"href":"https:\/\/defensoriarionegro.gov.ar\/drn\/wp-json\/wp\/v2\/posts\/8677\/revisions"}],"predecessor-version":[{"id":12285,"href":"https:\/\/defensoriarionegro.gov.ar\/drn\/wp-json\/wp\/v2\/posts\/8677\/revisions\/12285"}],"wp:featuredmedia":[{"embeddable":true,"href":"https:\/\/defensoriarionegro.gov.ar\/drn\/wp-json\/wp\/v2\/media\/8678"}],"wp:attachment":[{"href":"https:\/\/defensoriarionegro.gov.ar\/drn\/wp-json\/wp\/v2\/media?parent=8677"}],"wp:term":[{"taxonomy":"category","embeddable":true,"href":"https:\/\/defensoriarionegro.gov.ar\/drn\/wp-json\/wp\/v2\/categories?post=8677"},{"taxonomy":"post_tag","embeddable":true,"href":"https:\/\/defensoriarionegro.gov.ar\/drn\/wp-json\/wp\/v2\/tags?post=8677"}],"curies":[{"name":"wp","href":"https:\/\/api.w.org\/{rel}","templated":true}]}}