{"id":8688,"date":"2023-01-25T10:08:44","date_gmt":"2023-01-25T13:08:44","guid":{"rendered":"https:\/\/defensoriarionegro.gov.ar\/drn\/?p=8688"},"modified":"2023-01-25T10:08:44","modified_gmt":"2023-01-25T13:08:44","slug":"encuentro-de-defensorias-del-pueblo-de-rio-negro","status":"publish","type":"post","link":"https:\/\/defensoriarionegro.gov.ar\/drn\/encuentro-de-defensorias-del-pueblo-de-rio-negro\/","title":{"rendered":"Encuentro de Defensor\u00edas del Pueblo de R\u00edo Negro."},"content":{"rendered":"\n<p>24 de enero de 2023- Defensores y defensoras del Pueblo de la Provincia de R\u00edo Negro se reunieron en la sede de la Defensor\u00eda provincial por invitaci\u00f3n de su titular, Adriana Santagati.<\/p>\n\n\n\n<p>El objetivo del encuentro fue fortalecer los lazos interinstitucionales que se materializan a trav\u00e9s del trabajo colaborativo desde un enfoque basado en los derechos humanos y que conlleva a garantizar la soluci\u00f3n a los distintos problemas que plantea la ciudadan\u00eda.<\/p>\n\n\n\n<p>Los temas abordados giraron en torno a las acciones llevadas adelante sobre el parto respetado y la violencia obst\u00e9trica; el Observatorio Electoral y la conmemoraci\u00f3n de los 40 a\u00f1os de Democracia.&nbsp;<\/p>\n\n\n\n<p>En la oportunidad, tambi\u00e9n se compartieron experiencias sobre el abordaje que realizan las Defensor\u00edas sobre diversas tem\u00e1ticas a los fines de enriquecer el trabajo al interior de cada una de las instituciones.<\/p>\n\n\n\n<p>Estuvieron presentes la defensora del pueblo de R\u00edo Negro y su adjunto, Adriana Santagati y Alvaro Larreguy respectivamente; la defensora del pueblo de Bariloche, Anal\u00eda<strong> Woloszczuk;<\/strong> el defensor del pueblo de San Antonio, Gabriel Bottari; el defensor del pueblo de Viedma, Mar\u00edn P\u00e9rez Morando y la delegada de la Defensor\u00eda del Pueblo de la Naci\u00f3n en Viedma, Mar\u00eda Eugenia Rodr\u00edguez.<\/p>\n\n\n\n<figure class=\"wp-block-image size-large is-resized\"><img fetchpriority=\"high\" decoding=\"async\" src=\"https:\/\/defensoriarionegro.gov.ar\/drn\/wp-content\/uploads\/2023\/01\/2-1024x645.jpg\" alt=\"\" class=\"wp-image-8686\" width=\"370\" height=\"233\"\/><\/figure>\n\n\n\n<figure class=\"wp-block-image size-large is-resized\"><img decoding=\"async\" src=\"https:\/\/defensoriarionegro.gov.ar\/drn\/wp-content\/uploads\/2023\/01\/3-1024x768.jpg\" alt=\"\" class=\"wp-image-8687\" width=\"370\" height=\"278\"\/><\/figure>\n","protected":false},"excerpt":{"rendered":"<p>24 de enero de 2023- Defensores y defensoras del Pueblo de la Provincia de R\u00edo Negro se reunieron en la sede de la Defensor\u00eda provincial por invitaci\u00f3n de su titular, Adriana Santagati. El objetivo del encuentro fue fortalecer los lazos interinstitucionales que se materializan a trav\u00e9s del trabajo colaborativo desde un enfoque basado en los [&hellip;]<\/p>\n","protected":false},"author":2,"featured_media":8685,"comment_status":"closed","ping_status":"open","sticky":false,"template":"","format":"standard","meta":{"_jetpack_memberships_contains_paid_content":false,"footnotes":""},"categories":[18,49],"tags":[],"class_list":["post-8688","post","type-post","status-publish","format-standard","has-post-thumbnail","hentry","category-gacetillas","category-noticias"],"jetpack_featured_media_url":"https:\/\/defensoriarionegro.gov.ar\/drn\/wp-content\/uploads\/2023\/01\/1-scaled-1.jpg","jetpack_sharing_enabled":true,"_links":{"self":[{"href":"https:\/\/defensoriarionegro.gov.ar\/drn\/wp-json\/wp\/v2\/posts\/8688","targetHints":{"allow":["GET"]}}],"collection":[{"href":"https:\/\/defensoriarionegro.gov.ar\/drn\/wp-json\/wp\/v2\/posts"}],"about":[{"href":"https:\/\/defensoriarionegro.gov.ar\/drn\/wp-json\/wp\/v2\/types\/post"}],"author":[{"embeddable":true,"href":"https:\/\/defensoriarionegro.gov.ar\/drn\/wp-json\/wp\/v2\/users\/2"}],"replies":[{"embeddable":true,"href":"https:\/\/defensoriarionegro.gov.ar\/drn\/wp-json\/wp\/v2\/comments?post=8688"}],"version-history":[{"count":0,"href":"https:\/\/defensoriarionegro.gov.ar\/drn\/wp-json\/wp\/v2\/posts\/8688\/revisions"}],"wp:featuredmedia":[{"embeddable":true,"href":"https:\/\/defensoriarionegro.gov.ar\/drn\/wp-json\/wp\/v2\/media\/8685"}],"wp:attachment":[{"href":"https:\/\/defensoriarionegro.gov.ar\/drn\/wp-json\/wp\/v2\/media?parent=8688"}],"wp:term":[{"taxonomy":"category","embeddable":true,"href":"https:\/\/defensoriarionegro.gov.ar\/drn\/wp-json\/wp\/v2\/categories?post=8688"},{"taxonomy":"post_tag","embeddable":true,"href":"https:\/\/defensoriarionegro.gov.ar\/drn\/wp-json\/wp\/v2\/tags?post=8688"}],"curies":[{"name":"wp","href":"https:\/\/api.w.org\/{rel}","templated":true}]}}