{"id":8745,"date":"2023-02-28T13:35:55","date_gmt":"2023-02-28T16:35:55","guid":{"rendered":"https:\/\/defensoriarionegro.gov.ar\/drn\/?p=8745"},"modified":"2023-02-28T13:35:55","modified_gmt":"2023-02-28T16:35:55","slug":"autoridades-de-la-defensoria-del-pueblo-participaron-en-la-audiencia-publica-por-la-caza-de-jabali-con-perros","status":"publish","type":"post","link":"https:\/\/defensoriarionegro.gov.ar\/drn\/autoridades-de-la-defensoria-del-pueblo-participaron-en-la-audiencia-publica-por-la-caza-de-jabali-con-perros\/","title":{"rendered":"Autoridades de la Defensor\u00eda del Pueblo participaron en la Audiencia P\u00fablica por la caza de jabal\u00ed con perros."},"content":{"rendered":"\n<p>28 de febrero de 2023-  La audiencia virtual fue convocada por la Secretar\u00eda de Ambiente y Cambio Clim\u00e1tico de R\u00edo Negro en el marco de la apertura de la temporada de caza.<\/p>\n\n\n\n<p>En la oportunidad el defensor adjunto, Alvaro Larreguy, agradeci\u00f3 la participaci\u00f3n ciudadana desde distintos \u00e1mbitos en la audiencia y expres\u00f3 que \u201csin duda es un tema de una preocupaci\u00f3n que excede los l\u00edmites de nuestra provincia\u201d.<\/p>\n\n\n\n<p>\u201cTal como lo venimos escuchando en la palabra de los distintos expositores, -indic\u00f3- cuando hablamos de caza de jabal\u00ed con perros tenemos que hablar del bienestar animal vs el trato cruel y violento; de cambio de paradigma; de control poblacional; de fines recreativos y deportivos; y por supuesto de las normas aplicables\u201d.<\/p>\n\n\n\n<p>Desde el comienzo de su exposici\u00f3n Larreguy dej\u00f3 clara la postura de la Defensor\u00eda del Pueblo en esta cuesti\u00f3n cuando dijo: \u201cconsideramos que sobran las razones para decir No a la caza con perros\u201d. Y refiri\u00f3 que \u201cen nuestra provincia se encuentra en estado parlamentario un proyecto de ley del legislador Nicol\u00e1s Roch\u00e1s -aqu\u00ed presente- que desde esta instituci\u00f3n reclamaremos su aprobaci\u00f3n parlamentaria\u201d.<\/p>\n\n\n\n<p>En ese sentido el defensor adjunto mencion\u00f3 algunos p\u00e1rrafos correspondientes a los fundamentos del proyecto:<\/p>\n\n\n\n<ol class=\"wp-block-list\" type=\"1\"><li><em>Es necesario resaltar y remarca que la caza con perros no solo no debe ser considerada \u201cdeporte\u201d, sino que es una actividad muy traum\u00e1tica, cubierta de angustia, sufrimiento y violencia.<\/em><\/li><li><em>-Esta actividad no puede seguir siendo tolerada en los tiempos en los que vivimos, donde m\u00faltiples organizaciones -tanto a nivel Provincial, Nacional como Internacional- buscan la protecci\u00f3n y desarraigo de la violencia, del maltrato y del castigo animal. Muestra de ello, es la sanci\u00f3n de la Ley N\u00b0 27.330 que \u201cProh\u00edbe la carrera de galgos\u201d.<\/em><\/li><li><em>La caza con perros, hoy considerada err\u00f3neamente como \u201cdeporte\u201d, deber ser prohibida por la brutalidad, el salvajismo, la violencia y el maltrato, al que resultan sometidos los animales.<\/em><\/li><\/ol>\n\n\n\n<p>Finalmente Larreguy, cit\u00f3 el concepto de \u201cbienestar animal\u201d de acuerdo al Manual de Bienestar Animal del SENASA:<\/p>\n\n\n\n<p><em>El Bienestar Animal (BA) representa el modo en que un animal afronta las condiciones de su entorno, considerando que se encuentra en condiciones de bienestar si puede experimentar las 5 libertades: ausencia de hambre, de sed y de malnutrici\u00f3n; ausencia de miedo y estr\u00e9s sostenido; ausencia de incomodidades (f\u00edsicas y t\u00e9rmicas, entre otras); ausencia de dolor, lesi\u00f3n y\/o enfermedad; y libertad para manifestar un comportamiento natural.<\/em><em><\/em><\/p>\n\n\n\n<p>\u201cPor lo expuesto &nbsp;sobran las razones para erradicar la caza con perros\u201d, remarc\u00f3 Larreguy.<\/p>\n\n\n\n<figure class=\"wp-block-image size-full\"><img decoding=\"async\" src=\"https:\/\/defensoriarionegro.gov.ar\/drn\/wp-content\/uploads\/2023\/02\/AUDIENCIA-CAZA-JABALI-ALVARO.jpg\" alt=\"\" class=\"wp-image-8743\"\/><\/figure>\n","protected":false},"excerpt":{"rendered":"<p>28 de febrero de 2023- La audiencia virtual fue convocada por la Secretar\u00eda de Ambiente y Cambio Clim\u00e1tico de R\u00edo Negro en el marco de la apertura de la temporada de caza. En la oportunidad el defensor adjunto, Alvaro Larreguy, agradeci\u00f3 la participaci\u00f3n ciudadana desde distintos \u00e1mbitos en la audiencia y expres\u00f3 que \u201csin duda [&hellip;]<\/p>\n","protected":false},"author":2,"featured_media":8744,"comment_status":"closed","ping_status":"open","sticky":false,"template":"","format":"standard","meta":{"_jetpack_memberships_contains_paid_content":false,"footnotes":""},"categories":[18,49],"tags":[],"class_list":["post-8745","post","type-post","status-publish","format-standard","has-post-thumbnail","hentry","category-gacetillas","category-noticias"],"jetpack_featured_media_url":"https:\/\/defensoriarionegro.gov.ar\/drn\/wp-content\/uploads\/2023\/02\/audiencia-jabali-2.jpeg","jetpack_sharing_enabled":true,"_links":{"self":[{"href":"https:\/\/defensoriarionegro.gov.ar\/drn\/wp-json\/wp\/v2\/posts\/8745","targetHints":{"allow":["GET"]}}],"collection":[{"href":"https:\/\/defensoriarionegro.gov.ar\/drn\/wp-json\/wp\/v2\/posts"}],"about":[{"href":"https:\/\/defensoriarionegro.gov.ar\/drn\/wp-json\/wp\/v2\/types\/post"}],"author":[{"embeddable":true,"href":"https:\/\/defensoriarionegro.gov.ar\/drn\/wp-json\/wp\/v2\/users\/2"}],"replies":[{"embeddable":true,"href":"https:\/\/defensoriarionegro.gov.ar\/drn\/wp-json\/wp\/v2\/comments?post=8745"}],"version-history":[{"count":0,"href":"https:\/\/defensoriarionegro.gov.ar\/drn\/wp-json\/wp\/v2\/posts\/8745\/revisions"}],"wp:featuredmedia":[{"embeddable":true,"href":"https:\/\/defensoriarionegro.gov.ar\/drn\/wp-json\/wp\/v2\/media\/8744"}],"wp:attachment":[{"href":"https:\/\/defensoriarionegro.gov.ar\/drn\/wp-json\/wp\/v2\/media?parent=8745"}],"wp:term":[{"taxonomy":"category","embeddable":true,"href":"https:\/\/defensoriarionegro.gov.ar\/drn\/wp-json\/wp\/v2\/categories?post=8745"},{"taxonomy":"post_tag","embeddable":true,"href":"https:\/\/defensoriarionegro.gov.ar\/drn\/wp-json\/wp\/v2\/tags?post=8745"}],"curies":[{"name":"wp","href":"https:\/\/api.w.org\/{rel}","templated":true}]}}