{"id":8768,"date":"2023-03-16T10:39:08","date_gmt":"2023-03-16T13:39:08","guid":{"rendered":"https:\/\/defensoriarionegro.gov.ar\/drn\/?p=8768"},"modified":"2023-03-16T10:39:08","modified_gmt":"2023-03-16T13:39:08","slug":"santagati-brinda-hoy-su-informe-in-voce-en-la-legislatura","status":"publish","type":"post","link":"https:\/\/defensoriarionegro.gov.ar\/drn\/santagati-brinda-hoy-su-informe-in-voce-en-la-legislatura\/","title":{"rendered":"Santagati brinda hoy su informe In Voce en la Legislatura."},"content":{"rendered":"\n<p>16 de marzo de 2023 &#8211; La defensora del pueblo expone un resumen del trabajo presentado el pasado mes de diciembre sobre la actuaci\u00f3n del organismo durante el per\u00edodo 2021 \u2013 2022.<\/p>\n\n\n\n<p>\u201cS\u00ed, las nuevas tecnolog\u00edas transforman a diario la vida de las personas pero la Administraci\u00f3n P\u00fablica sigue haciendo lo mismo de siempre, as\u00ed lo \u00fanico que lograremos es un Estado impotente para responder &nbsp;la progresiva ampliaci\u00f3n de derechos de la ciudadan\u00eda\u201d, remarca la defensora en el inicio de su exposici\u00f3n.<\/p>\n\n\n\n<p>\u201cEn las ant\u00edpodas, la Administraci\u00f3n de nuestra provincia sigue trabajando con expedientes papel y con procedimientos que fueron pensados en el siglo pasado\u201d, resalta Santagati en su exposici\u00f3n In Voce.<\/p>\n\n\n\n<p>\u201cLa Ley de procedimiento administrativo data de 1995, el modelo que sigue es de 1972 que, a su vez, sigue una ley de 1905\u201d.<\/p>\n\n\n\n<p>\u201cEl sometimiento de la Administraci\u00f3n a la formalizaci\u00f3n de la acci\u00f3n administrativa no va m\u00e1s\u201d, sentenci\u00f3 finalmente la defensora.<\/p>\n\n\n\n<p><strong>Otras expresiones de Santagati durante su exposici\u00f3n:<\/strong><\/p>\n\n\n\n<p><strong>Educaci\u00f3n:<\/strong> \u201cDurante este a\u00f1o pudimos apreciar que el organismo implement\u00f3 estrategias y recursos para recomponer los efectos negativos de la pandemia a trav\u00e9s de dispositivos y programas espec\u00edficos como el dictado de clases los d\u00edas s\u00e1bados, ampliaci\u00f3n del horario de la jornada escolar de nivel primario, extensi\u00f3n del ciclo lectivo, etc., lo cual valoramos\u201d<\/p>\n\n\n\n<p><strong>Ni\u00f1ez:<\/strong> Esta semana que pas\u00f3, desde UNICEF Argentina, nos comunicaron la aprobaci\u00f3n de un Acuerdo de Fortalecimiento para el \u00e1rea de Ni\u00f1ez en la DPRN que implicar\u00e1 tener un consultor por parte del Organismo Internacional\u00a0 que nos guiar\u00e1, en el t\u00e9rmico de 5 meses, en la elaboraci\u00f3n de un Plan de Trabajo y la definici\u00f3n de los perfiles para la selecci\u00f3n del equipo que se desempe\u00f1ar\u00e1 en el \u00e1rea. Una excelente noticia.<\/p>\n\n\n\n<p><strong>Salud\/Ipross:<\/strong>\u201c(\u2026) Articulamos el trabajo con las Oficinas de Atenci\u00f3n a las Personas del Poder Judicial de la provincia que nos ha permitido canalizar los reclamos en busca de soluciones, y en los que se han podido gestionar respuestas favorables a la mayor\u00eda de las situaciones\u201d.<\/p>\n\n\n\n<p><strong>Usuarios y consumidores:<\/strong> \u201cConsideramos que es necesaria una revisi\u00f3n del funcionamiento del organismo competente en la tem\u00e1tica y repensar su organizaci\u00f3n para responder a la demanda en un mundo en el que cobran relevancia las relaciones de consumo a trav\u00e9s de Internet\u201d.<\/p>\n\n\n\n<p><strong>Agua y saneamiento:<\/strong> \u201c(\u2026) Es urgente la formulaci\u00f3n de un Plan Integral destinado a la evaluaci\u00f3n y renovaci\u00f3n de la infraestructura que forma parte de las redes troncales, para brindar un servicio de calidad acompa\u00f1ando el crecimiento y desarrollo de las ciudades\u201d.<\/p>\n\n\n\n<p><strong>Segmentaci\u00f3n Tarifaria:<\/strong> \u201cCoincidimos que el sector m\u00e1s vulnerable deb\u00eda ser el m\u00e1s subsidiado y el sector m\u00e1s rico no. Sin embargo, no coincidimos en agrupar al resto de usuarios en un mismo segmento\u201d.<\/p>\n\n\n\n<p><strong>Ni\u00f1ez: <\/strong>\u201cIniciamos una propuesta legislativa tendiente a que los hijos e hijas de v\u00edctimas de femicidio puedan iniciar un tr\u00e1mite administrativo (cambio de apellido) ante el Registro Civil sin necesidad de requerir la intervenci\u00f3n de la Judicatura. Ello as\u00ed con el fin de evitar mayores tr\u00e1mites burocr\u00e1ticos y revictimizaciones\u201d.<\/p>\n\n\n\n<p><strong>Salud Mental:<\/strong> \u201c(\u2026) El aumento de internaciones se da en ni\u00f1os, ni\u00f1as y adolescentes siendo la mayor\u00eda de ellas por ideaci\u00f3n autol\u00edtica, conductas autolesivas e intentos de suicidio. Este dato coincide con otros registros llevados por el OR a partir de la notificaci\u00f3n de internaciones involuntarias\u201d.<\/p>\n\n\n\n<p><\/p>\n","protected":false},"excerpt":{"rendered":"<p>16 de marzo de 2023 &#8211; La defensora del pueblo expone un resumen del trabajo presentado el pasado mes de diciembre sobre la actuaci\u00f3n del organismo durante el per\u00edodo 2021 \u2013 2022. \u201cS\u00ed, las nuevas tecnolog\u00edas transforman a diario la vida de las personas pero la Administraci\u00f3n P\u00fablica sigue haciendo lo mismo de siempre, as\u00ed [&hellip;]<\/p>\n","protected":false},"author":2,"featured_media":8767,"comment_status":"closed","ping_status":"open","sticky":false,"template":"","format":"standard","meta":{"_jetpack_memberships_contains_paid_content":false,"footnotes":""},"categories":[18,49],"tags":[],"class_list":["post-8768","post","type-post","status-publish","format-standard","has-post-thumbnail","hentry","category-gacetillas","category-noticias"],"jetpack_featured_media_url":"https:\/\/defensoriarionegro.gov.ar\/drn\/wp-content\/uploads\/2023\/03\/20230316105419__MG_6941-scaled-1.jpg","jetpack_sharing_enabled":true,"_links":{"self":[{"href":"https:\/\/defensoriarionegro.gov.ar\/drn\/wp-json\/wp\/v2\/posts\/8768","targetHints":{"allow":["GET"]}}],"collection":[{"href":"https:\/\/defensoriarionegro.gov.ar\/drn\/wp-json\/wp\/v2\/posts"}],"about":[{"href":"https:\/\/defensoriarionegro.gov.ar\/drn\/wp-json\/wp\/v2\/types\/post"}],"author":[{"embeddable":true,"href":"https:\/\/defensoriarionegro.gov.ar\/drn\/wp-json\/wp\/v2\/users\/2"}],"replies":[{"embeddable":true,"href":"https:\/\/defensoriarionegro.gov.ar\/drn\/wp-json\/wp\/v2\/comments?post=8768"}],"version-history":[{"count":0,"href":"https:\/\/defensoriarionegro.gov.ar\/drn\/wp-json\/wp\/v2\/posts\/8768\/revisions"}],"wp:featuredmedia":[{"embeddable":true,"href":"https:\/\/defensoriarionegro.gov.ar\/drn\/wp-json\/wp\/v2\/media\/8767"}],"wp:attachment":[{"href":"https:\/\/defensoriarionegro.gov.ar\/drn\/wp-json\/wp\/v2\/media?parent=8768"}],"wp:term":[{"taxonomy":"category","embeddable":true,"href":"https:\/\/defensoriarionegro.gov.ar\/drn\/wp-json\/wp\/v2\/categories?post=8768"},{"taxonomy":"post_tag","embeddable":true,"href":"https:\/\/defensoriarionegro.gov.ar\/drn\/wp-json\/wp\/v2\/tags?post=8768"}],"curies":[{"name":"wp","href":"https:\/\/api.w.org\/{rel}","templated":true}]}}