{"id":8794,"date":"2023-04-17T08:56:38","date_gmt":"2023-04-17T11:56:38","guid":{"rendered":"https:\/\/defensoriarionegro.gov.ar\/drn\/?p=8794"},"modified":"2026-02-13T12:56:26","modified_gmt":"2026-02-13T15:56:26","slug":"con-la-cobertura-de-todas-las-regiones-de-la-provincia-llevamos-adelante-la-tarea-de-observacion-electoral","status":"publish","type":"post","link":"https:\/\/defensoriarionegro.gov.ar\/drn\/con-la-cobertura-de-todas-las-regiones-de-la-provincia-llevamos-adelante-la-tarea-de-observacion-electoral\/","title":{"rendered":"Con la cobertura de todas las regiones de la provincia se llev\u00f3 adelante la tarea de observaci\u00f3n electoral."},"content":{"rendered":"\n<p>17 de abril de 2023-  Observadores distribuidos en 20 localidades de la provincia correspondientes a la zona Andina, regi\u00f3n Sur, Alto Valle, Valle Medio y Zona Atl\u00e1ntica, monitorearon, en 80 establecimientos electorales, el desarrollo del proceso electoral.<\/p>\n\n\n\n<p><br>La tarea, llevada adelante por la Defensor\u00eda del Pueblo de R\u00edo Negro en conjunto con las Defensor\u00edas municipales de San Carlos de Bariloche, San Antonio Oeste, Viedma y la Delegaci\u00f3n de la Defensor\u00eda del Pueblo de Naci\u00f3n, cont\u00f3 con la participaci\u00f3n de estudiantes de las Universalidades de R\u00edo Negro y del Comahue en calidad de observadores.<\/p>\n\n\n\n<p><br>El monitoreo comenz\u00f3 a las 7:30 con el registro (en formularios dise\u00f1ados espec\u00edficamente para realizar la tarea) de distintos aspectos que hacen al funcionamiento del desarrollo del acto eleccionario.<\/p>\n\n\n\n<p><br>A cada participante de la observaci\u00f3n se le asign\u00f3 una escuela a observar y cada uno seleccion\u00f3 una mesa testigo como ejemplo para dar cuenta de su funcionamiento.<\/p>\n\n\n\n<p><br>Entre los aspectos observados se encuentra la infraestructura del establecimiento electoral en lo que refiere a su accesibilidad como, por ejemplo, la presencia del cuarto oscuro accesible; rampas de ingreso; ba\u00f1os habilitados para personas con discapacidad; etc. Tambi\u00e9n se observ\u00f3 la presencia de fuerzas de seguridad y si hab\u00eda personal que cumpliera la funci\u00f3n de asistir elector\/a.<\/p>\n\n\n\n<p><br>A trav\u00e9s de la mesa seleccionada que se toma como ejemplo, se registr\u00f3 la presencia de las autoridades de esa mesa; el horario de la constituci\u00f3n, apertura y cierre; si las autoridades recibieron capacitaci\u00f3n y su opini\u00f3n sobre la misma; si ingresaron al cuarto oscuro para verificar la existencia de todas las boletas; si se necesit\u00f3 la asistencia del delegado judicial, entre otras cuestiones.<\/p>\n\n\n\n<p><br>Adem\u00e1s, cada observador electoral realiz\u00f3 una encuesta a 10 electores, de diferente g\u00e9nero y franja etaria, para consultarles sobre su experiencia en el acto eleccionario y si tuvo alguna dificultad durante el mismo.<\/p>\n\n\n\n<p><br>Toda la jornada de trabajo cont\u00f3 con la coordinaci\u00f3n y el seguimiento de la Defensor\u00eda del Pueblo de R\u00edo Negro que estuvo en permanente contacto con los observadores desde la primera hora de la ma\u00f1ana y hasta el momento en que cerr\u00f3 la \u00faltima mesa que fue tomada como ejemplo por cada observador\/a.<\/p>\n\n\n\n<p><br>Cabe recordar que con toda la informaci\u00f3n recabada se confeccionar\u00e1 un informe que ser\u00e1 elevado al Juzgado Electoral Provincial.<\/p>\n\n\n\n<div class=\"wp-block-columns is-layout-flex wp-container-core-columns-is-layout-28f84493 wp-block-columns-is-layout-flex\">\n<div class=\"wp-block-column is-layout-flow wp-block-column-is-layout-flow\" style=\"flex-basis:100%\">\n<div class=\"wp-block-group is-layout-flow wp-block-group-is-layout-flow\">\n<figure class=\"wp-block-gallery has-nested-images columns-2 is-cropped wp-block-gallery-1 is-layout-flex wp-block-gallery-is-layout-flex\">\n<figure class=\"wp-block-image size-full\"><img fetchpriority=\"high\" decoding=\"async\" width=\"2560\" height=\"1707\" data-id=\"13227\" src=\"https:\/\/defensoriarionegro.gov.ar\/drn\/wp-content\/uploads\/2023\/04\/Observacion-viedma1-scaled.jpg\" alt=\"Defensor Adjunto, Alvaro Larreguy en pasillo de una escuela, lugar de votaci\u00f3n.\" class=\"wp-image-13227\" srcset=\"https:\/\/defensoriarionegro.gov.ar\/drn\/wp-content\/uploads\/2023\/04\/Observacion-viedma1-scaled.jpg 2560w, https:\/\/defensoriarionegro.gov.ar\/drn\/wp-content\/uploads\/2023\/04\/Observacion-viedma1-300x200.jpg 300w, https:\/\/defensoriarionegro.gov.ar\/drn\/wp-content\/uploads\/2023\/04\/Observacion-viedma1-1024x683.jpg 1024w, https:\/\/defensoriarionegro.gov.ar\/drn\/wp-content\/uploads\/2023\/04\/Observacion-viedma1-768x512.jpg 768w, https:\/\/defensoriarionegro.gov.ar\/drn\/wp-content\/uploads\/2023\/04\/Observacion-viedma1-1536x1024.jpg 1536w, https:\/\/defensoriarionegro.gov.ar\/drn\/wp-content\/uploads\/2023\/04\/Observacion-viedma1-2048x1365.jpg 2048w\" sizes=\"(max-width: 2560px) 100vw, 2560px\" \/><figcaption class=\"wp-element-caption\">Defensor Adjunto, Alvaro Larreguy<\/figcaption><\/figure>\n\n\n\n<figure class=\"wp-block-image size-full\"><img decoding=\"async\" width=\"2560\" height=\"1707\" data-id=\"13228\" src=\"https:\/\/defensoriarionegro.gov.ar\/drn\/wp-content\/uploads\/2023\/04\/Observacion-viedma2-scaled.jpg\" alt=\"Defensora del pueblo, Adriana Santagati y su equipo con vestimenta institucional donde se ve el logo de la Defensoria.\" class=\"wp-image-13228\" srcset=\"https:\/\/defensoriarionegro.gov.ar\/drn\/wp-content\/uploads\/2023\/04\/Observacion-viedma2-scaled.jpg 2560w, https:\/\/defensoriarionegro.gov.ar\/drn\/wp-content\/uploads\/2023\/04\/Observacion-viedma2-300x200.jpg 300w, https:\/\/defensoriarionegro.gov.ar\/drn\/wp-content\/uploads\/2023\/04\/Observacion-viedma2-1024x683.jpg 1024w, https:\/\/defensoriarionegro.gov.ar\/drn\/wp-content\/uploads\/2023\/04\/Observacion-viedma2-768x512.jpg 768w, https:\/\/defensoriarionegro.gov.ar\/drn\/wp-content\/uploads\/2023\/04\/Observacion-viedma2-1536x1024.jpg 1536w, https:\/\/defensoriarionegro.gov.ar\/drn\/wp-content\/uploads\/2023\/04\/Observacion-viedma2-2048x1365.jpg 2048w\" sizes=\"(max-width: 2560px) 100vw, 2560px\" \/><figcaption class=\"wp-element-caption\">Defensora del pueblo, Adriana Santagati y su equipo<\/figcaption><\/figure>\n\n\n\n<figure class=\"wp-block-image size-full\"><img decoding=\"async\" width=\"798\" height=\"799\" data-id=\"13221\" src=\"https:\/\/defensoriarionegro.gov.ar\/drn\/wp-content\/uploads\/2023\/04\/observacion-1.jpeg\" alt=\"Observadora electoral realizando su trabajo en el espacio de votaci\u00f3n.\" class=\"wp-image-13221\" srcset=\"https:\/\/defensoriarionegro.gov.ar\/drn\/wp-content\/uploads\/2023\/04\/observacion-1.jpeg 798w, https:\/\/defensoriarionegro.gov.ar\/drn\/wp-content\/uploads\/2023\/04\/observacion-1-300x300.jpeg 300w, https:\/\/defensoriarionegro.gov.ar\/drn\/wp-content\/uploads\/2023\/04\/observacion-1-150x150.jpeg 150w, https:\/\/defensoriarionegro.gov.ar\/drn\/wp-content\/uploads\/2023\/04\/observacion-1-768x769.jpeg 768w\" sizes=\"(max-width: 798px) 100vw, 798px\" \/><\/figure>\n\n\n\n<figure class=\"wp-block-image size-full\"><img loading=\"lazy\" decoding=\"async\" width=\"921\" height=\"921\" data-id=\"13222\" src=\"https:\/\/defensoriarionegro.gov.ar\/drn\/wp-content\/uploads\/2023\/04\/observacion-2.jpeg\" alt=\"Asesor de la Defensoria en ingreso de escuela de Bariloche.\" class=\"wp-image-13222\" srcset=\"https:\/\/defensoriarionegro.gov.ar\/drn\/wp-content\/uploads\/2023\/04\/observacion-2.jpeg 921w, https:\/\/defensoriarionegro.gov.ar\/drn\/wp-content\/uploads\/2023\/04\/observacion-2-300x300.jpeg 300w, https:\/\/defensoriarionegro.gov.ar\/drn\/wp-content\/uploads\/2023\/04\/observacion-2-150x150.jpeg 150w, https:\/\/defensoriarionegro.gov.ar\/drn\/wp-content\/uploads\/2023\/04\/observacion-2-768x768.jpeg 768w\" sizes=\"(max-width: 921px) 100vw, 921px\" \/><figcaption class=\"wp-element-caption\">Asesor Sebasti\u00e1n Gimenez desde Bariloche<\/figcaption><\/figure>\n\n\n\n<figure class=\"wp-block-image size-full\"><img loading=\"lazy\" decoding=\"async\" width=\"960\" height=\"960\" data-id=\"13224\" src=\"https:\/\/defensoriarionegro.gov.ar\/drn\/wp-content\/uploads\/2023\/04\/observacion-3.jpeg\" alt=\"Observadora electoral realizando su trabajo en el espacio de votaci\u00f3n.\" class=\"wp-image-13224\" srcset=\"https:\/\/defensoriarionegro.gov.ar\/drn\/wp-content\/uploads\/2023\/04\/observacion-3.jpeg 960w, https:\/\/defensoriarionegro.gov.ar\/drn\/wp-content\/uploads\/2023\/04\/observacion-3-300x300.jpeg 300w, https:\/\/defensoriarionegro.gov.ar\/drn\/wp-content\/uploads\/2023\/04\/observacion-3-150x150.jpeg 150w, https:\/\/defensoriarionegro.gov.ar\/drn\/wp-content\/uploads\/2023\/04\/observacion-3-768x768.jpeg 768w\" sizes=\"(max-width: 960px) 100vw, 960px\" \/><\/figure>\n\n\n\n<figure class=\"wp-block-image size-full\"><img loading=\"lazy\" decoding=\"async\" width=\"678\" height=\"679\" data-id=\"13225\" src=\"https:\/\/defensoriarionegro.gov.ar\/drn\/wp-content\/uploads\/2023\/04\/observacion-4.jpeg\" alt=\"Persona observando las mesas,\" class=\"wp-image-13225\" srcset=\"https:\/\/defensoriarionegro.gov.ar\/drn\/wp-content\/uploads\/2023\/04\/observacion-4.jpeg 678w, https:\/\/defensoriarionegro.gov.ar\/drn\/wp-content\/uploads\/2023\/04\/observacion-4-300x300.jpeg 300w, https:\/\/defensoriarionegro.gov.ar\/drn\/wp-content\/uploads\/2023\/04\/observacion-4-150x150.jpeg 150w\" sizes=\"(max-width: 678px) 100vw, 678px\" \/><\/figure>\n\n\n\n<figure class=\"wp-block-image size-full\"><img loading=\"lazy\" decoding=\"async\" width=\"678\" height=\"679\" data-id=\"13226\" src=\"https:\/\/defensoriarionegro.gov.ar\/drn\/wp-content\/uploads\/2023\/04\/observacion-5.jpg\" alt=\"Observadora electoral en puertas de establecimiento escolar de votaci\u00f3n.\" class=\"wp-image-13226\" srcset=\"https:\/\/defensoriarionegro.gov.ar\/drn\/wp-content\/uploads\/2023\/04\/observacion-5.jpg 678w, https:\/\/defensoriarionegro.gov.ar\/drn\/wp-content\/uploads\/2023\/04\/observacion-5-300x300.jpg 300w, https:\/\/defensoriarionegro.gov.ar\/drn\/wp-content\/uploads\/2023\/04\/observacion-5-150x150.jpg 150w\" sizes=\"(max-width: 678px) 100vw, 678px\" \/><\/figure>\n\n\n\n<figure class=\"wp-block-image size-full\"><img loading=\"lazy\" decoding=\"async\" width=\"899\" height=\"1599\" data-id=\"8818\" src=\"https:\/\/defensoriarionegro.gov.ar\/drn\/wp-content\/uploads\/2023\/04\/5.jpeg\" alt=\"Defensora del pueblo de Bariloche, Anal\u00eda Woloszcuk.\" class=\"wp-image-8818\" srcset=\"https:\/\/defensoriarionegro.gov.ar\/drn\/wp-content\/uploads\/2023\/04\/5.jpeg 899w, https:\/\/defensoriarionegro.gov.ar\/drn\/wp-content\/uploads\/2023\/04\/5-169x300.jpeg 169w, https:\/\/defensoriarionegro.gov.ar\/drn\/wp-content\/uploads\/2023\/04\/5-576x1024.jpeg 576w, https:\/\/defensoriarionegro.gov.ar\/drn\/wp-content\/uploads\/2023\/04\/5-768x1366.jpeg 768w, https:\/\/defensoriarionegro.gov.ar\/drn\/wp-content\/uploads\/2023\/04\/5-864x1536.jpeg 864w\" sizes=\"(max-width: 899px) 100vw, 899px\" \/><figcaption class=\"wp-element-caption\">Defensora del pueblo de Bariloche, Anal\u00eda Woloszcuk<\/figcaption><\/figure>\n\n\n\n<figure class=\"wp-block-image size-full\"><img loading=\"lazy\" decoding=\"async\" width=\"2560\" height=\"1707\" data-id=\"8820\" src=\"https:\/\/defensoriarionegro.gov.ar\/drn\/wp-content\/uploads\/2023\/04\/7-scaled-1.jpg\" alt=\"Defensor del pueblo de Viedma, Mar\u00edn P\u00e9rez Morando.\" class=\"wp-image-8820\" srcset=\"https:\/\/defensoriarionegro.gov.ar\/drn\/wp-content\/uploads\/2023\/04\/7-scaled-1.jpg 2560w, https:\/\/defensoriarionegro.gov.ar\/drn\/wp-content\/uploads\/2023\/04\/7-scaled-1-300x200.jpg 300w, https:\/\/defensoriarionegro.gov.ar\/drn\/wp-content\/uploads\/2023\/04\/7-scaled-1-1024x683.jpg 1024w, https:\/\/defensoriarionegro.gov.ar\/drn\/wp-content\/uploads\/2023\/04\/7-scaled-1-768x512.jpg 768w, https:\/\/defensoriarionegro.gov.ar\/drn\/wp-content\/uploads\/2023\/04\/7-scaled-1-1536x1024.jpg 1536w, https:\/\/defensoriarionegro.gov.ar\/drn\/wp-content\/uploads\/2023\/04\/7-scaled-1-2048x1366.jpg 2048w\" sizes=\"(max-width: 2560px) 100vw, 2560px\" \/><figcaption class=\"wp-element-caption\">Defensor del pueblo de Viedma, Mar\u00edn Perez Morando<\/figcaption><\/figure>\n\n\n\n<figure class=\"wp-block-image size-full\"><img loading=\"lazy\" decoding=\"async\" width=\"1599\" height=\"1199\" data-id=\"8819\" src=\"https:\/\/defensoriarionegro.gov.ar\/drn\/wp-content\/uploads\/2023\/04\/6.jpeg\" alt=\"Defensor del pueblo de SAO,  Gabriel Bottari.\" class=\"wp-image-8819\" srcset=\"https:\/\/defensoriarionegro.gov.ar\/drn\/wp-content\/uploads\/2023\/04\/6.jpeg 1599w, https:\/\/defensoriarionegro.gov.ar\/drn\/wp-content\/uploads\/2023\/04\/6-300x225.jpeg 300w, https:\/\/defensoriarionegro.gov.ar\/drn\/wp-content\/uploads\/2023\/04\/6-1024x768.jpeg 1024w, https:\/\/defensoriarionegro.gov.ar\/drn\/wp-content\/uploads\/2023\/04\/6-768x576.jpeg 768w, https:\/\/defensoriarionegro.gov.ar\/drn\/wp-content\/uploads\/2023\/04\/6-1536x1152.jpeg 1536w\" sizes=\"(max-width: 1599px) 100vw, 1599px\" \/><figcaption class=\"wp-element-caption\">Defensor del pueblo de SAO,  Gabriel Bottari<\/figcaption><\/figure>\n<\/figure>\n<\/div>\n<\/div>\n<\/div>\n\n\n\n<p><\/p>\n","protected":false},"excerpt":{"rendered":"<p>17 de abril de 2023- Observadores distribuidos en 20 localidades de la provincia correspondientes a la zona Andina, regi\u00f3n Sur, Alto Valle, Valle Medio y Zona Atl\u00e1ntica, monitorearon, en 80 establecimientos electorales, el desarrollo del proceso electoral. La tarea, llevada adelante por la Defensor\u00eda del Pueblo de R\u00edo Negro en conjunto con las Defensor\u00edas municipales [&hellip;]<\/p>\n","protected":false},"author":2,"featured_media":8795,"comment_status":"closed","ping_status":"open","sticky":false,"template":"","format":"standard","meta":{"_jetpack_memberships_contains_paid_content":false,"footnotes":""},"categories":[18,49],"tags":[133],"class_list":["post-8794","post","type-post","status-publish","format-standard","has-post-thumbnail","hentry","category-gacetillas","category-noticias","tag-observacion-electoral"],"jetpack_featured_media_url":"https:\/\/defensoriarionegro.gov.ar\/drn\/wp-content\/uploads\/2023\/04\/20230416092459__MG_3351-scaled-1.jpg","jetpack_sharing_enabled":true,"_links":{"self":[{"href":"https:\/\/defensoriarionegro.gov.ar\/drn\/wp-json\/wp\/v2\/posts\/8794","targetHints":{"allow":["GET"]}}],"collection":[{"href":"https:\/\/defensoriarionegro.gov.ar\/drn\/wp-json\/wp\/v2\/posts"}],"about":[{"href":"https:\/\/defensoriarionegro.gov.ar\/drn\/wp-json\/wp\/v2\/types\/post"}],"author":[{"embeddable":true,"href":"https:\/\/defensoriarionegro.gov.ar\/drn\/wp-json\/wp\/v2\/users\/2"}],"replies":[{"embeddable":true,"href":"https:\/\/defensoriarionegro.gov.ar\/drn\/wp-json\/wp\/v2\/comments?post=8794"}],"version-history":[{"count":2,"href":"https:\/\/defensoriarionegro.gov.ar\/drn\/wp-json\/wp\/v2\/posts\/8794\/revisions"}],"predecessor-version":[{"id":13229,"href":"https:\/\/defensoriarionegro.gov.ar\/drn\/wp-json\/wp\/v2\/posts\/8794\/revisions\/13229"}],"wp:featuredmedia":[{"embeddable":true,"href":"https:\/\/defensoriarionegro.gov.ar\/drn\/wp-json\/wp\/v2\/media\/8795"}],"wp:attachment":[{"href":"https:\/\/defensoriarionegro.gov.ar\/drn\/wp-json\/wp\/v2\/media?parent=8794"}],"wp:term":[{"taxonomy":"category","embeddable":true,"href":"https:\/\/defensoriarionegro.gov.ar\/drn\/wp-json\/wp\/v2\/categories?post=8794"},{"taxonomy":"post_tag","embeddable":true,"href":"https:\/\/defensoriarionegro.gov.ar\/drn\/wp-json\/wp\/v2\/tags?post=8794"}],"curies":[{"name":"wp","href":"https:\/\/api.w.org\/{rel}","templated":true}]}}