{"id":8835,"date":"2023-05-02T11:50:17","date_gmt":"2023-05-02T14:50:17","guid":{"rendered":"https:\/\/defensoriarionegro.gov.ar\/drn\/?p=8835"},"modified":"2023-05-02T11:50:17","modified_gmt":"2023-05-02T14:50:17","slug":"el-jueves-4-de-mayo-atenderemos-reclamos-y-consultas-en-sierra-grande-y-cona-niyeu","status":"publish","type":"post","link":"https:\/\/defensoriarionegro.gov.ar\/drn\/el-jueves-4-de-mayo-atenderemos-reclamos-y-consultas-en-sierra-grande-y-cona-niyeu\/","title":{"rendered":"El jueves 4 de mayo atenderemos reclamos y consultas en Sierra Grande, Cona Niyeu y R\u00edo Colorado"},"content":{"rendered":"\n<p>02 de mayo de 2023- La Defensor\u00eda del Pueblo de R\u00edo Negro estar\u00e1 presente el pr\u00f3ximo jueves en las tres localidades para atender y brindar el asesoramiento que corresponda, seg\u00fan las consultas y reclamos que necesiten realizar sus vecinos y vecinas.<\/p>\n\n\n\n<p>En <strong>Sierra Grande<\/strong> la atenci\u00f3n ser\u00e1 a partir de las 09:00 y hasta las 13:30 en el Juzgado de Paz (Calle 2 N\u00ba 260).<\/p>\n\n\n\n<p>En <strong>Cona Niyeu<\/strong> los ciudadanos podr\u00e1n acercarse a partir de las 12:00 y hasta las 13:30 en la Comisi\u00f3n de Fomento (San Mart\u00edn y M.G. de Gianni).<\/p>\n\n\n\n<p>En la ciudad de <strong>R\u00edo Colorado<\/strong> la atenci\u00f3n se realizar\u00e1 desde las 9:00 y hasta las 13:30 en las oficinas del Juzgado de Paz (Juan B. Justo 767).<\/p>\n","protected":false},"excerpt":{"rendered":"<p>02 de mayo de 2023- La Defensor\u00eda del Pueblo de R\u00edo Negro estar\u00e1 presente el pr\u00f3ximo jueves en las tres localidades para atender y brindar el asesoramiento que corresponda, seg\u00fan las consultas y reclamos que necesiten realizar sus vecinos y vecinas. En Sierra Grande la atenci\u00f3n ser\u00e1 a partir de las 09:00 y hasta las [&hellip;]<\/p>\n","protected":false},"author":2,"featured_media":8834,"comment_status":"closed","ping_status":"open","sticky":false,"template":"","format":"standard","meta":{"_jetpack_memberships_contains_paid_content":false,"footnotes":""},"categories":[18,49],"tags":[],"class_list":["post-8835","post","type-post","status-publish","format-standard","has-post-thumbnail","hentry","category-gacetillas","category-noticias"],"jetpack_featured_media_url":"https:\/\/defensoriarionegro.gov.ar\/drn\/wp-content\/uploads\/2023\/05\/SIERRA-GRANDE-4-2.png","jetpack_sharing_enabled":true,"_links":{"self":[{"href":"https:\/\/defensoriarionegro.gov.ar\/drn\/wp-json\/wp\/v2\/posts\/8835","targetHints":{"allow":["GET"]}}],"collection":[{"href":"https:\/\/defensoriarionegro.gov.ar\/drn\/wp-json\/wp\/v2\/posts"}],"about":[{"href":"https:\/\/defensoriarionegro.gov.ar\/drn\/wp-json\/wp\/v2\/types\/post"}],"author":[{"embeddable":true,"href":"https:\/\/defensoriarionegro.gov.ar\/drn\/wp-json\/wp\/v2\/users\/2"}],"replies":[{"embeddable":true,"href":"https:\/\/defensoriarionegro.gov.ar\/drn\/wp-json\/wp\/v2\/comments?post=8835"}],"version-history":[{"count":0,"href":"https:\/\/defensoriarionegro.gov.ar\/drn\/wp-json\/wp\/v2\/posts\/8835\/revisions"}],"wp:featuredmedia":[{"embeddable":true,"href":"https:\/\/defensoriarionegro.gov.ar\/drn\/wp-json\/wp\/v2\/media\/8834"}],"wp:attachment":[{"href":"https:\/\/defensoriarionegro.gov.ar\/drn\/wp-json\/wp\/v2\/media?parent=8835"}],"wp:term":[{"taxonomy":"category","embeddable":true,"href":"https:\/\/defensoriarionegro.gov.ar\/drn\/wp-json\/wp\/v2\/categories?post=8835"},{"taxonomy":"post_tag","embeddable":true,"href":"https:\/\/defensoriarionegro.gov.ar\/drn\/wp-json\/wp\/v2\/tags?post=8835"}],"curies":[{"name":"wp","href":"https:\/\/api.w.org\/{rel}","templated":true}]}}