{"id":8844,"date":"2023-05-05T12:04:32","date_gmt":"2023-05-05T15:04:32","guid":{"rendered":"https:\/\/defensoriarionegro.gov.ar\/drn\/?p=8844"},"modified":"2026-02-13T12:57:49","modified_gmt":"2026-02-13T15:57:49","slug":"reunion-en-la-defensoria-del-pueblo-por-los-derechos-de-las-personas-alojadas-en-valle-sereno","status":"publish","type":"post","link":"https:\/\/defensoriarionegro.gov.ar\/drn\/reunion-en-la-defensoria-del-pueblo-por-los-derechos-de-las-personas-alojadas-en-valle-sereno\/","title":{"rendered":"Reuni\u00f3n en la Defensor\u00eda del Pueblo por los derechos de las personas alojadas en Valle Sereno"},"content":{"rendered":"\n<p>05 de mayo 2023- Luego de la elaboraci\u00f3n de un informe producto del monitoreo realizado en el mes de abril por parte del \u00d3rgano de Revisi\u00f3n de Salud Mental (ORSM), la defensora del pueblo, Adriana Santagati, convoc\u00f3 a las autoridades competentes en la tem\u00e1tica a los efectos de coordinar estrategias a corto plazo, para concluir con la externaci\u00f3n de las personas alojadas en el Instituto Valle Sereno de la localidad de General Roca.<\/p>\n\n\n\n<p>En el encuentro estuvieron presentes, adem\u00e1s de la defensora Santagati, la secretaria ejecutiva del \u00d3rgano de Revisi\u00f3n de Salud Mental, Antonella Mirenghi; el presidente de IPROSS, Alejandro Marenco; la secretaria de Acompa\u00f1amiento y Protecci\u00f3n Social del Ministerio de Desarrollo Humano y Articulaci\u00f3n Solidaria, M\u00f3nica Larra\u00f1aga, y la coordinadora del Programa de Salud Mental del Ministerio de Salud, Fernanda Oyola Arias.<\/p>\n\n\n\n<p>Como resultado de la reuni\u00f3n y del compromiso de las distintas instituciones, se establecieron plazos para el dise\u00f1o del dispositivo interinstitucional que ser\u00e1 previamente evaluado por el equipo del ORSM para su pronta puesta en marcha, con el objetivo de dar soluci\u00f3n definitiva a este tema.<\/p>\n","protected":false},"excerpt":{"rendered":"<p>05 de mayo 2023- Luego de la elaboraci\u00f3n de un informe producto del monitoreo realizado en el mes de abril por parte del \u00d3rgano de Revisi\u00f3n de Salud Mental (ORSM), la defensora del pueblo, Adriana Santagati, convoc\u00f3 a las autoridades competentes en la tem\u00e1tica a los efectos de coordinar estrategias a corto plazo, para concluir [&hellip;]<\/p>\n","protected":false},"author":2,"featured_media":8845,"comment_status":"closed","ping_status":"open","sticky":false,"template":"","format":"standard","meta":{"_jetpack_memberships_contains_paid_content":false,"footnotes":""},"categories":[49],"tags":[22],"class_list":["post-8844","post","type-post","status-publish","format-standard","has-post-thumbnail","hentry","category-noticias","tag-salud-mental"],"jetpack_featured_media_url":"https:\/\/defensoriarionegro.gov.ar\/drn\/wp-content\/uploads\/2023\/05\/REUNION-SALUD-MENTAL.jpeg","jetpack_sharing_enabled":true,"_links":{"self":[{"href":"https:\/\/defensoriarionegro.gov.ar\/drn\/wp-json\/wp\/v2\/posts\/8844","targetHints":{"allow":["GET"]}}],"collection":[{"href":"https:\/\/defensoriarionegro.gov.ar\/drn\/wp-json\/wp\/v2\/posts"}],"about":[{"href":"https:\/\/defensoriarionegro.gov.ar\/drn\/wp-json\/wp\/v2\/types\/post"}],"author":[{"embeddable":true,"href":"https:\/\/defensoriarionegro.gov.ar\/drn\/wp-json\/wp\/v2\/users\/2"}],"replies":[{"embeddable":true,"href":"https:\/\/defensoriarionegro.gov.ar\/drn\/wp-json\/wp\/v2\/comments?post=8844"}],"version-history":[{"count":1,"href":"https:\/\/defensoriarionegro.gov.ar\/drn\/wp-json\/wp\/v2\/posts\/8844\/revisions"}],"predecessor-version":[{"id":12284,"href":"https:\/\/defensoriarionegro.gov.ar\/drn\/wp-json\/wp\/v2\/posts\/8844\/revisions\/12284"}],"wp:featuredmedia":[{"embeddable":true,"href":"https:\/\/defensoriarionegro.gov.ar\/drn\/wp-json\/wp\/v2\/media\/8845"}],"wp:attachment":[{"href":"https:\/\/defensoriarionegro.gov.ar\/drn\/wp-json\/wp\/v2\/media?parent=8844"}],"wp:term":[{"taxonomy":"category","embeddable":true,"href":"https:\/\/defensoriarionegro.gov.ar\/drn\/wp-json\/wp\/v2\/categories?post=8844"},{"taxonomy":"post_tag","embeddable":true,"href":"https:\/\/defensoriarionegro.gov.ar\/drn\/wp-json\/wp\/v2\/tags?post=8844"}],"curies":[{"name":"wp","href":"https:\/\/api.w.org\/{rel}","templated":true}]}}