{"id":8969,"date":"2023-06-15T13:07:03","date_gmt":"2023-06-15T16:07:03","guid":{"rendered":"https:\/\/defensoriarionegro.gov.ar\/drn\/?p=8969"},"modified":"2025-08-29T12:01:35","modified_gmt":"2025-08-29T15:01:35","slug":"recomendacion-de-la-defensoria-del-pueblo-a-arsa-ante-el-reclamo-de-vecinos-de-cerro-policia","status":"publish","type":"post","link":"https:\/\/defensoriarionegro.gov.ar\/drn\/recomendacion-de-la-defensoria-del-pueblo-a-arsa-ante-el-reclamo-de-vecinos-de-cerro-policia\/","title":{"rendered":"Recomendaci\u00f3n de la Defensor\u00eda del Pueblo a ARSA ante el reclamo de vecinos de Cerro Polic\u00eda."},"content":{"rendered":"\n<p>15 de junio de 2023- En oportunidad de visitar la localidad rionegrina de Cerro Polic\u00eda a los fines de atender consultas y recorrer instituciones, la defensora del pueblo, Adriana Santagati, recibi\u00f3 a los vecinos del lugar quienes plantearon la problem\u00e1tica que padecen con la provisi\u00f3n de agua potable.<\/p>\n\n\n\n<p>A partir de ello, la Defensor\u00eda solicit\u00f3 a ARSA informe respecto de la viabilidad t\u00e9cnica para garantizar el abastecimiento del servicio a los habitantes de Cerro Polic\u00eda.<\/p>\n\n\n\n<p>En su respuesta, la empresa indica que \u201cse identifica la insuficiencia en el suministro de agua, especialmente durante las \u00e9pocas de verano o de alta demanda\u201d, e indica que \u201clas cinco perforaciones existentes en el paraje m\u00e1s las dos nuevas conectadas a la red, s\u00f3lo pueden proporcionar 2500 litros por hora, lo cual resulta insuficiente para satisfacer las necesidades de los pobladores\u201d.<\/p>\n\n\n\n<p>Ante esta situaci\u00f3n la Subgerencia Regional Este de Arsa elabor\u00f3 un informe en donde recomienda \u201crealizar la instalaci\u00f3n de bombas adicionales en \u00e1reas cr\u00edticas del paraje (&#8230;) Asimismo, se sugiere la realizaci\u00f3n de un estudio geoel\u00e9ctrico para explorar la posibilidad de desarrollar alguna perforaci\u00f3n que ofrezca un caudal considerable y de buena calidad (&#8230;) Adem\u00e1s, se destaca la importancia de evaluar la infraestructura existente, incluyendo las redes de tuber\u00edas y los equipos de bombeo: En caso de ser necesario, se deber\u00e1 considerar la ampliaci\u00f3n de las redes y la instalaci\u00f3n de bombas presurizadoras para garantizar un suministro adecuado a todos los usuarios. Por otro lado, es fundamental contar con los recursos t\u00e9cnicos y financieros necesarios para el mantenimiento y la operaci\u00f3n continua del sistema de agua potable. Por \u00faltimo, se destaca la importancia de evaluar la viabilidad econ\u00f3mica y financiera del proyecto\u201d.<\/p>\n\n\n\n<p>Atento al informe enviado por la propia empresa, desde esta Defensor\u00eda se observ\u00f3  la necesidad de garantizar adecuado suministro de agua potable a los usuarios de Cerro Polic\u00eda.<\/p>\n\n\n\n<p>En raz\u00f3n de ello, se Recomend\u00f3 a la Gerencia General de Aguas Rionegrinas S.A. desarrollar el informe de c\u00f3mputo y presupuesto, de recursos t\u00e9cnicos y financieros, para la ejecuci\u00f3n y sostenimiento de obras que den soluci\u00f3n a la demanda.<\/p>\n\n\n\n<p>En el mismo sentido se sugiri\u00f3 a la misma Gerencia gestione ante las autoridades de aplicaci\u00f3n correspondiente, los recursos financieros necesarios para llevar adelante el proyecto y garantizar la sostenibilidad a largo plazo del sistema de agua potable en el Paraje Cerro Polic\u00eda.<\/p>\n\n\n\n<p><\/p>\n","protected":false},"excerpt":{"rendered":"<p>15 de junio de 2023- En oportunidad de visitar la localidad rionegrina de Cerro Polic\u00eda a los fines de atender consultas y recorrer instituciones, la defensora del pueblo, Adriana Santagati, recibi\u00f3 a los vecinos del lugar quienes plantearon la problem\u00e1tica que padecen con la provisi\u00f3n de agua potable. A partir de ello, la Defensor\u00eda solicit\u00f3 [&hellip;]<\/p>\n","protected":false},"author":2,"featured_media":8968,"comment_status":"closed","ping_status":"open","sticky":false,"template":"","format":"standard","meta":{"_jetpack_memberships_contains_paid_content":false,"footnotes":""},"categories":[49],"tags":[171,28],"class_list":["post-8969","post","type-post","status-publish","format-standard","has-post-thumbnail","hentry","category-noticias","tag-arsa","tag-servicios-publicos"],"jetpack_featured_media_url":"https:\/\/defensoriarionegro.gov.ar\/drn\/wp-content\/uploads\/2023\/06\/Arsa.jpg","jetpack_sharing_enabled":true,"_links":{"self":[{"href":"https:\/\/defensoriarionegro.gov.ar\/drn\/wp-json\/wp\/v2\/posts\/8969","targetHints":{"allow":["GET"]}}],"collection":[{"href":"https:\/\/defensoriarionegro.gov.ar\/drn\/wp-json\/wp\/v2\/posts"}],"about":[{"href":"https:\/\/defensoriarionegro.gov.ar\/drn\/wp-json\/wp\/v2\/types\/post"}],"author":[{"embeddable":true,"href":"https:\/\/defensoriarionegro.gov.ar\/drn\/wp-json\/wp\/v2\/users\/2"}],"replies":[{"embeddable":true,"href":"https:\/\/defensoriarionegro.gov.ar\/drn\/wp-json\/wp\/v2\/comments?post=8969"}],"version-history":[{"count":1,"href":"https:\/\/defensoriarionegro.gov.ar\/drn\/wp-json\/wp\/v2\/posts\/8969\/revisions"}],"predecessor-version":[{"id":12271,"href":"https:\/\/defensoriarionegro.gov.ar\/drn\/wp-json\/wp\/v2\/posts\/8969\/revisions\/12271"}],"wp:featuredmedia":[{"embeddable":true,"href":"https:\/\/defensoriarionegro.gov.ar\/drn\/wp-json\/wp\/v2\/media\/8968"}],"wp:attachment":[{"href":"https:\/\/defensoriarionegro.gov.ar\/drn\/wp-json\/wp\/v2\/media?parent=8969"}],"wp:term":[{"taxonomy":"category","embeddable":true,"href":"https:\/\/defensoriarionegro.gov.ar\/drn\/wp-json\/wp\/v2\/categories?post=8969"},{"taxonomy":"post_tag","embeddable":true,"href":"https:\/\/defensoriarionegro.gov.ar\/drn\/wp-json\/wp\/v2\/tags?post=8969"}],"curies":[{"name":"wp","href":"https:\/\/api.w.org\/{rel}","templated":true}]}}