{"id":9334,"date":"2023-10-31T10:15:08","date_gmt":"2023-10-31T13:15:08","guid":{"rendered":"https:\/\/defensoriarionegro.gov.ar\/drn\/?p=9334"},"modified":"2025-08-29T11:53:42","modified_gmt":"2025-08-29T14:53:42","slug":"reunion-con-nashieli-ramirez-hernandez-presidenta-de-la-comision-de-derechos-humanos-de-la-ciudad-de-mexico-y-coordinadora-de-la-red-de-ninez-y-adolescencias-de-la-fio","status":"publish","type":"post","link":"https:\/\/defensoriarionegro.gov.ar\/drn\/reunion-con-nashieli-ramirez-hernandez-presidenta-de-la-comision-de-derechos-humanos-de-la-ciudad-de-mexico-y-coordinadora-de-la-red-de-ninez-y-adolescencias-de-la-fio\/","title":{"rendered":"Reuni\u00f3n con Nashieli Ram\u00edrez Hern\u00e1ndez, presidenta de la Comisi\u00f3n de Derechos Humanos de la Ciudad de M\u00e9xico  y Coordinadora de la Red de Ni\u00f1ez y Adolescencias de la FIO"},"content":{"rendered":"\n<p>31 de octubre 2023- En el marco de la construcci\u00f3n de un plan propio en materia de ni\u00f1ez, adolescencia y familia de la Defensor\u00eda del Pueblo de R\u00edo Negro, la defensora del pueblo, Adriana Santagati mantuvo una reuni\u00f3n con Nashieli Ram\u00edrez Hern\u00e1ndez, presidenta de la Comisi\u00f3n de Derechos Humanos de la Ciudad de M\u00e9xico (CDH-CDMX) y\u00a0Coordinadora de la Red de Ni\u00f1ez y Adolescencias de la Federaci\u00f3n Iberoamericana del Ombudsman (FIO).<\/p>\n\n\n\n<p>En el encuentro la defensora\u00a0agradeci\u00f3 a la funcionaria el tiempo dispensado\u00a0 y brind\u00f3 el marco institucional\u00a0que motiv\u00f3 la reuni\u00f3n. <\/p>\n\n\n\n<p>Con la coordinaci\u00f3n de los consultores de UNICEF,\u00a0en un momento instituyente para la Defensor\u00eda del Pueblo de R\u00edo Negro,\u00a0la funcionaria comenz\u00f3 haciendo\u00a0referencia a la historia institucional de la Comisi\u00f3n de Derechos Humanos de la ciudad de M\u00e9xico y como fue evolucionando desde sus or\u00edgenes. <\/p>\n\n\n\n<p>Destac\u00f3, en ese marco, el enfoque de derechos humanos de la nueva Constituci\u00f3n de la ciudad sancionada en el a\u00f1o 2017, que gu\u00eda las pol\u00edticas de la Comisi\u00f3n.<\/p>\n\n\n\n<p>Resalt\u00f3, adem\u00e1s, el esfuerzo constante que se realiza para abordar desde la intersectorialidad las tareas que se llevan adelante y describi\u00f3 los programas y las acciones que se se llevan adelante desde dos grandes \u00e1reas que son la promoci\u00f3n y la defensa de derechos.<\/p>\n\n\n\n<p>Respecto a la promoci\u00f3n, un tema relevante fue el espacio de participaci\u00f3n\u00a0infantil y el despliegue territorial de esta pol\u00edtica.<\/p>\n\n\n\n<p>En materia de defensa de derechos, se destac\u00f3 el trabajo de las visitadur\u00edas (grupos de abogados que investigan y dan fundamento a los trabajos de la Comisi\u00f3n), as\u00ed como el \u00e1rea de apoyo psicosocial con la entrada y salida de situaciones que, adem\u00e1s, asiste a las dos grandes \u00e1reas de la Comisi\u00f3n.<\/p>\n\n\n\n<p>Nashieli Ram\u00edrez Hern\u00e1ndez&nbsp;tiene una amplia trayectoria en la defensa de los derechos humanos con la participaci\u00f3n de organizaciones, colectivos y plataformas entre las que se desatacan la&nbsp;Alianza por los Derechos de Ni\u00f1as, Ni\u00f1os y Adolescentes en M\u00e9xico; Mesa Social contra la Explotaci\u00f3n de Ni\u00f1as, Ni\u00f1os y Adolescentes; y el Colectivo contra la Trata. Integr\u00f3&nbsp;el Consejo Coordinador de la Red Latinoamericana y Caribe\u00f1a por la Defensa de Ni\u00f1as, Ni\u00f1os y Adolescentes.&nbsp;Particip\u00f3 en el Observatorio de Derechos Humanos y Pol\u00edticas P\u00fablicas de Iniciativa Ciudadana de Desarrollo Social y fue consejera presidenta de la Red por los Derechos de la Infancia en M\u00e9xico.<\/p>\n\n\n\n<p>Participaron de la reuni\u00f3n Andrea M\u00e1rquez, funcionaria del \u00e1rea de promoci\u00f3n de derechos de la Comisi\u00f3n y los consultores de UNICEF Argentina, Rodolfo Succar y Luc\u00eda Macoc.<\/p>\n","protected":false},"excerpt":{"rendered":"<p>31 de octubre 2023- En el marco de la construcci\u00f3n de un plan propio en materia de ni\u00f1ez, adolescencia y familia de la Defensor\u00eda del Pueblo de R\u00edo Negro, la defensora del pueblo, Adriana Santagati mantuvo una reuni\u00f3n con Nashieli Ram\u00edrez Hern\u00e1ndez, presidenta de la Comisi\u00f3n de Derechos Humanos de la Ciudad de M\u00e9xico (CDH-CDMX) [&hellip;]<\/p>\n","protected":false},"author":2,"featured_media":9333,"comment_status":"closed","ping_status":"open","sticky":false,"template":"","format":"standard","meta":{"_jetpack_memberships_contains_paid_content":false,"footnotes":""},"categories":[49],"tags":[],"class_list":["post-9334","post","type-post","status-publish","format-standard","has-post-thumbnail","hentry","category-noticias"],"jetpack_featured_media_url":"https:\/\/defensoriarionegro.gov.ar\/drn\/wp-content\/uploads\/2023\/10\/cuarta-reunion.png","jetpack_sharing_enabled":true,"_links":{"self":[{"href":"https:\/\/defensoriarionegro.gov.ar\/drn\/wp-json\/wp\/v2\/posts\/9334","targetHints":{"allow":["GET"]}}],"collection":[{"href":"https:\/\/defensoriarionegro.gov.ar\/drn\/wp-json\/wp\/v2\/posts"}],"about":[{"href":"https:\/\/defensoriarionegro.gov.ar\/drn\/wp-json\/wp\/v2\/types\/post"}],"author":[{"embeddable":true,"href":"https:\/\/defensoriarionegro.gov.ar\/drn\/wp-json\/wp\/v2\/users\/2"}],"replies":[{"embeddable":true,"href":"https:\/\/defensoriarionegro.gov.ar\/drn\/wp-json\/wp\/v2\/comments?post=9334"}],"version-history":[{"count":1,"href":"https:\/\/defensoriarionegro.gov.ar\/drn\/wp-json\/wp\/v2\/posts\/9334\/revisions"}],"predecessor-version":[{"id":12238,"href":"https:\/\/defensoriarionegro.gov.ar\/drn\/wp-json\/wp\/v2\/posts\/9334\/revisions\/12238"}],"wp:featuredmedia":[{"embeddable":true,"href":"https:\/\/defensoriarionegro.gov.ar\/drn\/wp-json\/wp\/v2\/media\/9333"}],"wp:attachment":[{"href":"https:\/\/defensoriarionegro.gov.ar\/drn\/wp-json\/wp\/v2\/media?parent=9334"}],"wp:term":[{"taxonomy":"category","embeddable":true,"href":"https:\/\/defensoriarionegro.gov.ar\/drn\/wp-json\/wp\/v2\/categories?post=9334"},{"taxonomy":"post_tag","embeddable":true,"href":"https:\/\/defensoriarionegro.gov.ar\/drn\/wp-json\/wp\/v2\/tags?post=9334"}],"curies":[{"name":"wp","href":"https:\/\/api.w.org\/{rel}","templated":true}]}}