{"id":9358,"date":"2023-11-17T13:11:02","date_gmt":"2023-11-17T16:11:02","guid":{"rendered":"https:\/\/defensoriarionegro.gov.ar\/drn\/?p=9358"},"modified":"2025-08-29T11:52:37","modified_gmt":"2025-08-29T14:52:37","slug":"la-defensoria-elabora-el-informe-anual-de-lo-trabajado-entre-noviembre-del-2022-y-octubre-del-2023","status":"publish","type":"post","link":"https:\/\/defensoriarionegro.gov.ar\/drn\/la-defensoria-elabora-el-informe-anual-de-lo-trabajado-entre-noviembre-del-2022-y-octubre-del-2023\/","title":{"rendered":"La Defensor\u00eda elabora el informe anual de lo trabajado entre noviembre del 2022 y octubre del 2023"},"content":{"rendered":"\n<p>17 de noviembre de 2023- Como cada a\u00f1o, la Defensor\u00eda del Pueblo de R\u00edo Negro elabora el informe anual de las actuaciones llevadas adelante entre noviembre del 2022 y octubre del 2023.<\/p>\n\n\n\n<p>El documento resume el trabajo llevado adelante por el organismo de control durante los \u00faltimos doce meses y destaca actuaciones de las tem\u00e1ticas m\u00e1s importantes.<\/p>\n\n\n\n<p>El informe ser\u00e1 presentado a fin de mes ante el \u00a0parlamento rionegrino en cumplimiento de lo establecido en el art\u00edculo 33 de la Ley K N\u00ba2.756.<\/p>\n\n\n\n<figure class=\"wp-block-gallery columns-3 is-cropped wp-block-gallery-1 is-layout-flex wp-block-gallery-is-layout-flex\"><ul class=\"blocks-gallery-grid\"><li class=\"blocks-gallery-item\"><figure><img decoding=\"async\" src=\"https:\/\/defensoriarionegro.gov.ar\/drn\/wp-content\/uploads\/2023\/11\/a-1024x548.jpeg\" alt=\"\" data-id=\"9355\" data-full-url=\"https:\/\/defensoriarionegro.gov.ar\/drn\/wp-content\/uploads\/2023\/11\/a.jpeg\" data-link=\"https:\/\/defensoriarionegro.gov.ar\/drn\/a\/\" class=\"wp-image-9355\"\/><\/figure><\/li><li class=\"blocks-gallery-item\"><figure><img decoding=\"async\" src=\"https:\/\/defensoriarionegro.gov.ar\/drn\/wp-content\/uploads\/2023\/11\/1b-1024x637.jpeg\" alt=\"\" data-id=\"9354\" data-full-url=\"https:\/\/defensoriarionegro.gov.ar\/drn\/wp-content\/uploads\/2023\/11\/1b.jpeg\" data-link=\"https:\/\/defensoriarionegro.gov.ar\/drn\/1b\/\" class=\"wp-image-9354\"\/><\/figure><\/li><li class=\"blocks-gallery-item\"><figure><img decoding=\"async\" src=\"https:\/\/defensoriarionegro.gov.ar\/drn\/wp-content\/uploads\/2023\/11\/1a-1024x682.jpeg\" alt=\"\" data-id=\"9353\" data-full-url=\"https:\/\/defensoriarionegro.gov.ar\/drn\/wp-content\/uploads\/2023\/11\/1a.jpeg\" data-link=\"https:\/\/defensoriarionegro.gov.ar\/drn\/1a\/\" class=\"wp-image-9353\"\/><\/figure><\/li><\/ul><\/figure>\n","protected":false},"excerpt":{"rendered":"<p>17 de noviembre de 2023- Como cada a\u00f1o, la Defensor\u00eda del Pueblo de R\u00edo Negro elabora el informe anual de las actuaciones llevadas adelante entre noviembre del 2022 y octubre del 2023. El documento resume el trabajo llevado adelante por el organismo de control durante los \u00faltimos doce meses y destaca actuaciones de las tem\u00e1ticas [&hellip;]<\/p>\n","protected":false},"author":2,"featured_media":9356,"comment_status":"closed","ping_status":"open","sticky":false,"template":"","format":"standard","meta":{"_jetpack_memberships_contains_paid_content":false,"footnotes":""},"categories":[49],"tags":[56],"class_list":["post-9358","post","type-post","status-publish","format-standard","has-post-thumbnail","hentry","category-noticias","tag-informe-anual"],"jetpack_featured_media_url":"https:\/\/defensoriarionegro.gov.ar\/drn\/wp-content\/uploads\/2023\/11\/b.jpeg","jetpack_sharing_enabled":true,"_links":{"self":[{"href":"https:\/\/defensoriarionegro.gov.ar\/drn\/wp-json\/wp\/v2\/posts\/9358","targetHints":{"allow":["GET"]}}],"collection":[{"href":"https:\/\/defensoriarionegro.gov.ar\/drn\/wp-json\/wp\/v2\/posts"}],"about":[{"href":"https:\/\/defensoriarionegro.gov.ar\/drn\/wp-json\/wp\/v2\/types\/post"}],"author":[{"embeddable":true,"href":"https:\/\/defensoriarionegro.gov.ar\/drn\/wp-json\/wp\/v2\/users\/2"}],"replies":[{"embeddable":true,"href":"https:\/\/defensoriarionegro.gov.ar\/drn\/wp-json\/wp\/v2\/comments?post=9358"}],"version-history":[{"count":1,"href":"https:\/\/defensoriarionegro.gov.ar\/drn\/wp-json\/wp\/v2\/posts\/9358\/revisions"}],"predecessor-version":[{"id":12235,"href":"https:\/\/defensoriarionegro.gov.ar\/drn\/wp-json\/wp\/v2\/posts\/9358\/revisions\/12235"}],"wp:featuredmedia":[{"embeddable":true,"href":"https:\/\/defensoriarionegro.gov.ar\/drn\/wp-json\/wp\/v2\/media\/9356"}],"wp:attachment":[{"href":"https:\/\/defensoriarionegro.gov.ar\/drn\/wp-json\/wp\/v2\/media?parent=9358"}],"wp:term":[{"taxonomy":"category","embeddable":true,"href":"https:\/\/defensoriarionegro.gov.ar\/drn\/wp-json\/wp\/v2\/categories?post=9358"},{"taxonomy":"post_tag","embeddable":true,"href":"https:\/\/defensoriarionegro.gov.ar\/drn\/wp-json\/wp\/v2\/tags?post=9358"}],"curies":[{"name":"wp","href":"https:\/\/api.w.org\/{rel}","templated":true}]}}