{"id":9440,"date":"2023-12-05T10:13:07","date_gmt":"2023-12-05T13:13:07","guid":{"rendered":"https:\/\/defensoriarionegro.gov.ar\/drn\/?p=9440"},"modified":"2025-08-29T11:51:31","modified_gmt":"2025-08-29T14:51:31","slug":"celebracion-del-dia-internacional-de-las-personas-con-discapacidad","status":"publish","type":"post","link":"https:\/\/defensoriarionegro.gov.ar\/drn\/celebracion-del-dia-internacional-de-las-personas-con-discapacidad\/","title":{"rendered":"Celebraci\u00f3n del D\u00eda Internacional de las Personas con Discapacidad"},"content":{"rendered":"\n<p>04 de diciembre de 2023- Diferentes organizaciones de la sociedad civil se reunieron hoy en la Plaza San Mart\u00edn de Viedma para festejar este d\u00eda y hacer visible la diversidad, concientizando a la ciudadan\u00eda sobre la importancia de la inclusi\u00f3n de las personas con discapacidad.<\/p>\n\n\n\n<p>Diversos grupos pertenecientes a organizaciones ofrecieron al p\u00fablico bailes y coreograf\u00edas.<\/p>\n\n\n\n<p>Un momento especial fue la participaci\u00f3n de Mar\u00eda Luz Cacho, trabajadora no vidente en la mesa de entrada de la Defensor\u00eda del Pueblo de R\u00edo Negro.<\/p>\n\n\n\n<p>Con su voz excepcional, Mar\u00eda Luz&nbsp; sorprendi\u00f3 a todos los presentes con su talento y emotividad, demostrando que las barreras nunca son impedimentos.<\/p>\n\n\n\n<p>En un gesto de solidaridad y apoyo, nos sumamos al plan de concientizaci\u00f3n y respaldo a todas las personas con discapacidad en la Provincia de R\u00edo Negro. <\/p>\n\n\n\n<p>Es fundamental reconocer y celebrar la diversidad, trabajando juntos para construir una sociedad m\u00e1s inclusiva y justa.<\/p>\n\n\n\n<figure class=\"wp-block-gallery columns-3 is-cropped wp-block-gallery-1 is-layout-flex wp-block-gallery-is-layout-flex\"><ul class=\"blocks-gallery-grid\"><li class=\"blocks-gallery-item\"><figure><img decoding=\"async\" src=\"https:\/\/defensoriarionegro.gov.ar\/drn\/wp-content\/uploads\/2023\/12\/LUZ-576x1024.jpeg\" alt=\"\" data-id=\"9446\" data-full-url=\"https:\/\/defensoriarionegro.gov.ar\/drn\/wp-content\/uploads\/2023\/12\/LUZ.jpeg\" data-link=\"https:\/\/defensoriarionegro.gov.ar\/drn\/luz\/\" class=\"wp-image-9446\"\/><\/figure><\/li><li class=\"blocks-gallery-item\"><figure><img decoding=\"async\" src=\"https:\/\/defensoriarionegro.gov.ar\/drn\/wp-content\/uploads\/2023\/12\/6-1024x576.jpeg\" alt=\"\" data-id=\"9445\" data-full-url=\"https:\/\/defensoriarionegro.gov.ar\/drn\/wp-content\/uploads\/2023\/12\/6.jpeg\" data-link=\"https:\/\/defensoriarionegro.gov.ar\/drn\/6-6\/\" class=\"wp-image-9445\"\/><\/figure><\/li><li class=\"blocks-gallery-item\"><figure><img decoding=\"async\" src=\"https:\/\/defensoriarionegro.gov.ar\/drn\/wp-content\/uploads\/2023\/12\/5-1024x576.jpeg\" alt=\"\" data-id=\"9444\" data-full-url=\"https:\/\/defensoriarionegro.gov.ar\/drn\/wp-content\/uploads\/2023\/12\/5.jpeg\" data-link=\"https:\/\/defensoriarionegro.gov.ar\/drn\/5-5\/\" class=\"wp-image-9444\"\/><\/figure><\/li><li class=\"blocks-gallery-item\"><figure><img decoding=\"async\" src=\"https:\/\/defensoriarionegro.gov.ar\/drn\/wp-content\/uploads\/2023\/12\/4-1024x576.jpeg\" alt=\"\" data-id=\"9443\" data-full-url=\"https:\/\/defensoriarionegro.gov.ar\/drn\/wp-content\/uploads\/2023\/12\/4.jpeg\" data-link=\"https:\/\/defensoriarionegro.gov.ar\/drn\/4-9\/\" class=\"wp-image-9443\"\/><\/figure><\/li><li class=\"blocks-gallery-item\"><figure><img decoding=\"async\" src=\"https:\/\/defensoriarionegro.gov.ar\/drn\/wp-content\/uploads\/2023\/12\/3-576x1024.jpeg\" alt=\"\" data-id=\"9442\" data-full-url=\"https:\/\/defensoriarionegro.gov.ar\/drn\/wp-content\/uploads\/2023\/12\/3-e1701782078372.jpeg\" data-link=\"https:\/\/defensoriarionegro.gov.ar\/drn\/3-11\/\" class=\"wp-image-9442\"\/><\/figure><\/li><li class=\"blocks-gallery-item\"><figure><img decoding=\"async\" src=\"https:\/\/defensoriarionegro.gov.ar\/drn\/wp-content\/uploads\/2023\/12\/2-1024x576.jpeg\" alt=\"\" data-id=\"9441\" data-full-url=\"https:\/\/defensoriarionegro.gov.ar\/drn\/wp-content\/uploads\/2023\/12\/2.jpeg\" data-link=\"https:\/\/defensoriarionegro.gov.ar\/drn\/2-16\/\" class=\"wp-image-9441\"\/><\/figure><\/li><\/ul><\/figure>\n","protected":false},"excerpt":{"rendered":"<p>04 de diciembre de 2023- Diferentes organizaciones de la sociedad civil se reunieron hoy en la Plaza San Mart\u00edn de Viedma para festejar este d\u00eda y hacer visible la diversidad, concientizando a la ciudadan\u00eda sobre la importancia de la inclusi\u00f3n de las personas con discapacidad. Diversos grupos pertenecientes a organizaciones ofrecieron al p\u00fablico bailes y [&hellip;]<\/p>\n","protected":false},"author":2,"featured_media":9442,"comment_status":"closed","ping_status":"open","sticky":false,"template":"","format":"standard","meta":{"_jetpack_memberships_contains_paid_content":false,"footnotes":""},"categories":[49],"tags":[27],"class_list":["post-9440","post","type-post","status-publish","format-standard","has-post-thumbnail","hentry","category-noticias","tag-discapacidad"],"jetpack_featured_media_url":"https:\/\/defensoriarionegro.gov.ar\/drn\/wp-content\/uploads\/2023\/12\/3-e1701782078372.jpeg","jetpack_sharing_enabled":true,"_links":{"self":[{"href":"https:\/\/defensoriarionegro.gov.ar\/drn\/wp-json\/wp\/v2\/posts\/9440","targetHints":{"allow":["GET"]}}],"collection":[{"href":"https:\/\/defensoriarionegro.gov.ar\/drn\/wp-json\/wp\/v2\/posts"}],"about":[{"href":"https:\/\/defensoriarionegro.gov.ar\/drn\/wp-json\/wp\/v2\/types\/post"}],"author":[{"embeddable":true,"href":"https:\/\/defensoriarionegro.gov.ar\/drn\/wp-json\/wp\/v2\/users\/2"}],"replies":[{"embeddable":true,"href":"https:\/\/defensoriarionegro.gov.ar\/drn\/wp-json\/wp\/v2\/comments?post=9440"}],"version-history":[{"count":1,"href":"https:\/\/defensoriarionegro.gov.ar\/drn\/wp-json\/wp\/v2\/posts\/9440\/revisions"}],"predecessor-version":[{"id":12232,"href":"https:\/\/defensoriarionegro.gov.ar\/drn\/wp-json\/wp\/v2\/posts\/9440\/revisions\/12232"}],"wp:featuredmedia":[{"embeddable":true,"href":"https:\/\/defensoriarionegro.gov.ar\/drn\/wp-json\/wp\/v2\/media\/9442"}],"wp:attachment":[{"href":"https:\/\/defensoriarionegro.gov.ar\/drn\/wp-json\/wp\/v2\/media?parent=9440"}],"wp:term":[{"taxonomy":"category","embeddable":true,"href":"https:\/\/defensoriarionegro.gov.ar\/drn\/wp-json\/wp\/v2\/categories?post=9440"},{"taxonomy":"post_tag","embeddable":true,"href":"https:\/\/defensoriarionegro.gov.ar\/drn\/wp-json\/wp\/v2\/tags?post=9440"}],"curies":[{"name":"wp","href":"https:\/\/api.w.org\/{rel}","templated":true}]}}