{"id":9540,"date":"2024-01-24T11:14:37","date_gmt":"2024-01-24T14:14:37","guid":{"rendered":"https:\/\/defensoriarionegro.gov.ar\/drn\/?p=9540"},"modified":"2024-01-24T11:14:37","modified_gmt":"2024-01-24T14:14:37","slug":"adpra-reclama-a-la-agencia-nacional-de-discapacidad-por-las-prestaciones-del-programa-federal-incluir-salud","status":"publish","type":"post","link":"https:\/\/defensoriarionegro.gov.ar\/drn\/adpra-reclama-a-la-agencia-nacional-de-discapacidad-por-las-prestaciones-del-programa-federal-incluir-salud\/","title":{"rendered":"ADPRA reclama a la Agencia Nacional de Discapacidad por las prestaciones del Programa Federal Incluir Salud."},"content":{"rendered":"\n<p>Los Defensores y Defensoras del Pueblo de todo el pa\u00eds nucleados en ADPRA solicitaron informaci\u00f3n al Director Ejecutivo de la Agencia Nacional de Discapacidad, Dr. Diego Spagnuolo, en relaci\u00f3n a las dificultades de las prestaciones del Programa Federal Incluir Salud.<\/p>\n\n\n\n<p>Manifestaron su preocupaci\u00f3n por la falta de la autoridad a cargo de la Direcci\u00f3n Nacional de Acceso a los Servicios de Salud y solicitaron su urgente designaci\u00f3n, teniendo en cuenta las distintas problem\u00e1ticas que atraviesan las personas con discapacidad en este contexto de crisis y de constante incertidumbre, donde se comienza a ver un preocupante crecimiento de reclamos en las Defensor\u00edas por la vulneraci\u00f3n de elementales derechos.<\/p>\n\n\n\n<div style=\"height:53px\" aria-hidden=\"true\" class=\"wp-block-spacer\"><\/div>\n\n\n\n<div data-wp-interactive=\"core\/file\" class=\"wp-block-file\"><object data-wp-bind--hidden=\"!state.hasPdfPreview\" hidden class=\"wp-block-file__embed\" data=\"https:\/\/defensoriarionegro.gov.ar\/drn\/wp-content\/uploads\/2024\/01\/NOTA-INCLUIR-SALUD-ANDIS.pdf\" type=\"application\/pdf\" style=\"width:100%;height:600px\" aria-label=\"Incrustado de Incrustado de NOTA-INCLUIR-SALUD-ANDIS..\"><\/object><a href=\"https:\/\/defensoriarionegro.gov.ar\/drn\/wp-content\/uploads\/2024\/01\/NOTA-INCLUIR-SALUD-ANDIS.pdf\">NOTA-INCLUIR-SALUD-ANDIS<\/a><a href=\"https:\/\/defensoriarionegro.gov.ar\/drn\/wp-content\/uploads\/2024\/01\/NOTA-INCLUIR-SALUD-ANDIS.pdf\" class=\"wp-block-file__button\" download>Descarga<\/a><\/div>\n\n\n\n<p><\/p>\n","protected":false},"excerpt":{"rendered":"<p>Los Defensores y Defensoras del Pueblo de todo el pa\u00eds nucleados en ADPRA solicitaron informaci\u00f3n al Director Ejecutivo de la Agencia Nacional de Discapacidad, Dr. Diego Spagnuolo, en relaci\u00f3n a las dificultades de las prestaciones del Programa Federal Incluir Salud. Manifestaron su preocupaci\u00f3n por la falta de la autoridad a cargo de la Direcci\u00f3n Nacional [&hellip;]<\/p>\n","protected":false},"author":2,"featured_media":9541,"comment_status":"closed","ping_status":"open","sticky":false,"template":"","format":"standard","meta":{"_jetpack_memberships_contains_paid_content":false,"footnotes":""},"categories":[49],"tags":[81,27],"class_list":["post-9540","post","type-post","status-publish","format-standard","has-post-thumbnail","hentry","category-noticias","tag-adpra","tag-discapacidad"],"jetpack_featured_media_url":"https:\/\/defensoriarionegro.gov.ar\/drn\/wp-content\/uploads\/2024\/01\/Adpra-discapacidad-DPRN-web.png","jetpack_sharing_enabled":true,"_links":{"self":[{"href":"https:\/\/defensoriarionegro.gov.ar\/drn\/wp-json\/wp\/v2\/posts\/9540","targetHints":{"allow":["GET"]}}],"collection":[{"href":"https:\/\/defensoriarionegro.gov.ar\/drn\/wp-json\/wp\/v2\/posts"}],"about":[{"href":"https:\/\/defensoriarionegro.gov.ar\/drn\/wp-json\/wp\/v2\/types\/post"}],"author":[{"embeddable":true,"href":"https:\/\/defensoriarionegro.gov.ar\/drn\/wp-json\/wp\/v2\/users\/2"}],"replies":[{"embeddable":true,"href":"https:\/\/defensoriarionegro.gov.ar\/drn\/wp-json\/wp\/v2\/comments?post=9540"}],"version-history":[{"count":0,"href":"https:\/\/defensoriarionegro.gov.ar\/drn\/wp-json\/wp\/v2\/posts\/9540\/revisions"}],"wp:featuredmedia":[{"embeddable":true,"href":"https:\/\/defensoriarionegro.gov.ar\/drn\/wp-json\/wp\/v2\/media\/9541"}],"wp:attachment":[{"href":"https:\/\/defensoriarionegro.gov.ar\/drn\/wp-json\/wp\/v2\/media?parent=9540"}],"wp:term":[{"taxonomy":"category","embeddable":true,"href":"https:\/\/defensoriarionegro.gov.ar\/drn\/wp-json\/wp\/v2\/categories?post=9540"},{"taxonomy":"post_tag","embeddable":true,"href":"https:\/\/defensoriarionegro.gov.ar\/drn\/wp-json\/wp\/v2\/tags?post=9540"}],"curies":[{"name":"wp","href":"https:\/\/api.w.org\/{rel}","templated":true}]}}