{"id":9599,"date":"2024-02-09T09:34:00","date_gmt":"2024-02-09T12:34:00","guid":{"rendered":"https:\/\/defensoriarionegro.gov.ar\/drn\/?p=9599"},"modified":"2026-02-11T09:01:10","modified_gmt":"2026-02-11T12:01:10","slug":"encuentro-interinstitucional-para-avanzar-en-cuestiones-de-ninez-adolescencia-y-familia","status":"publish","type":"post","link":"https:\/\/defensoriarionegro.gov.ar\/drn\/encuentro-interinstitucional-para-avanzar-en-cuestiones-de-ninez-adolescencia-y-familia\/","title":{"rendered":"Encuentro interinstitucional para avanzar en cuestiones de ni\u00f1ez, adolescencia y familia."},"content":{"rendered":"\n<p> 08 febrero de 2024- La defensora del pueblo, Adriana Santagati, mantuvo una reuni\u00f3n con el ministro de Desarrollo Humano, Deporte y Cultura, Juan Pablo Muena; el defensor general, Ariel Alice y la secretaria de Ni\u00f1ez, Adolescencia y Familia, Laura Demarco.<\/p>\n\n\n\n<p>La reuni\u00f3n tuvo como finalidad avanzar en la articulaci\u00f3n de pol\u00edticas p\u00fablicas y en la interacci\u00f3n entre las instituciones para lograr un trabajo en conjunto con eficientes resultados.<\/p>\n\n\n\n<p>La defensora indic\u00f3 que \u201clas problem\u00e1ticas que involucran a ni\u00f1as, ni\u00f1os y adolescentes son muchas y variadas y s\u00f3lo a trav\u00e9s de un abordaje interinstitucional y desde el paradigma de la complejidad se puede llegar a mejores y m\u00e1s r\u00e1pidas resoluciones con el fin \u00faltimo de garantizar sus derechos\u201d.<\/p>\n","protected":false},"excerpt":{"rendered":"<p>08 febrero de 2024- La defensora del pueblo, Adriana Santagati, mantuvo una reuni\u00f3n con el ministro de Desarrollo Humano, Deporte y Cultura, Juan Pablo Muena; el defensor general, Ariel Alice y la secretaria de Ni\u00f1ez, Adolescencia y Familia, Laura Demarco. La reuni\u00f3n tuvo como finalidad avanzar en la articulaci\u00f3n de pol\u00edticas p\u00fablicas y en la [&hellip;]<\/p>\n","protected":false},"author":2,"featured_media":9598,"comment_status":"closed","ping_status":"open","sticky":false,"template":"","format":"standard","meta":{"_jetpack_memberships_contains_paid_content":false,"footnotes":""},"categories":[49],"tags":[228,227],"class_list":["post-9599","post","type-post","status-publish","format-standard","has-post-thumbnail","hentry","category-noticias","tag-adolescencia-y-familia","tag-ninez"],"jetpack_featured_media_url":"https:\/\/defensoriarionegro.gov.ar\/drn\/wp-content\/uploads\/2024\/02\/1-scaled-e1707482126943.jpg","jetpack_sharing_enabled":true,"_links":{"self":[{"href":"https:\/\/defensoriarionegro.gov.ar\/drn\/wp-json\/wp\/v2\/posts\/9599","targetHints":{"allow":["GET"]}}],"collection":[{"href":"https:\/\/defensoriarionegro.gov.ar\/drn\/wp-json\/wp\/v2\/posts"}],"about":[{"href":"https:\/\/defensoriarionegro.gov.ar\/drn\/wp-json\/wp\/v2\/types\/post"}],"author":[{"embeddable":true,"href":"https:\/\/defensoriarionegro.gov.ar\/drn\/wp-json\/wp\/v2\/users\/2"}],"replies":[{"embeddable":true,"href":"https:\/\/defensoriarionegro.gov.ar\/drn\/wp-json\/wp\/v2\/comments?post=9599"}],"version-history":[{"count":1,"href":"https:\/\/defensoriarionegro.gov.ar\/drn\/wp-json\/wp\/v2\/posts\/9599\/revisions"}],"predecessor-version":[{"id":12220,"href":"https:\/\/defensoriarionegro.gov.ar\/drn\/wp-json\/wp\/v2\/posts\/9599\/revisions\/12220"}],"wp:featuredmedia":[{"embeddable":true,"href":"https:\/\/defensoriarionegro.gov.ar\/drn\/wp-json\/wp\/v2\/media\/9598"}],"wp:attachment":[{"href":"https:\/\/defensoriarionegro.gov.ar\/drn\/wp-json\/wp\/v2\/media?parent=9599"}],"wp:term":[{"taxonomy":"category","embeddable":true,"href":"https:\/\/defensoriarionegro.gov.ar\/drn\/wp-json\/wp\/v2\/categories?post=9599"},{"taxonomy":"post_tag","embeddable":true,"href":"https:\/\/defensoriarionegro.gov.ar\/drn\/wp-json\/wp\/v2\/tags?post=9599"}],"curies":[{"name":"wp","href":"https:\/\/api.w.org\/{rel}","templated":true}]}}