{"id":9646,"date":"2024-02-29T10:41:50","date_gmt":"2024-02-29T13:41:50","guid":{"rendered":"https:\/\/defensoriarionegro.gov.ar\/drn\/?p=9646"},"modified":"2026-02-11T08:57:51","modified_gmt":"2026-02-11T11:57:51","slug":"santagati-expuso-en-la-audiencia-publica-para-la-redeterminacion-de-la-estructura-de-subsidios","status":"publish","type":"post","link":"https:\/\/defensoriarionegro.gov.ar\/drn\/santagati-expuso-en-la-audiencia-publica-para-la-redeterminacion-de-la-estructura-de-subsidios\/","title":{"rendered":"Santagati expuso en la Audiencia P\u00fablica para la redeterminaci\u00f3n de la estructura de subsidios"},"content":{"rendered":"\n<p>29 de febrero de 2024- Durante la audiencia, convocada por la Secretar\u00eda de Energ\u00eda de la Naci\u00f3n, la defensora del pueblo, Adriana Santagati puntualiz\u00f3, sobre la base de la documentaci\u00f3n puesta a disposici\u00f3n, en dos temas centrales, por un lado, la redeterminaci\u00f3n de la estructura de subsidios a fin de asegurar el acceso a los servicios energ\u00e9ticos y, por otro lado, la determinaci\u00f3n de lo que representar\u00eda un \u201cconsumo b\u00e1sico y esencial\u201d, a trav\u00e9s de la conformaci\u00f3n de la \u201cCanasta B\u00e1sica Energ\u00e9tica\u201d.<\/p>\n\n\n\n<p>\u201cLa Canasta B\u00e1sica se pretende ajustar a las necesidades de los usuarios, considerando la cantidad de miembros del hogar y la zona clim\u00e1tica, pero no considera la necesidad energ\u00e9tica de la vivienda familiar. De la informaci\u00f3n proporcionada se advierte un esfuerzo en la medici\u00f3n del consumo, pero no en la necesidad. Es aqu\u00ed donde consideramos que corresponde dimensionar en los estudios y an\u00e1lisis la brecha entre necesidad de energ\u00eda y demanda efectiva o gasto realizado\u201d, remarc\u00f3 la defensora del Pueblo.<\/p>\n\n\n\n<p>Indic\u00f3 que \u201cpretender trasladar al usuario par\u00e1metros de uso de la energ\u00eda en Europa, no se condice con las condiciones habitacionales y posibilidades de acceso a sistemas de eficiencia energ\u00e9tica de la poblaci\u00f3n nacional, donde se registran niveles de pobreza del orden del 57%\u201d.<\/p>\n\n\n\n<p>\u201cEn el material de an\u00e1lisis se indica que `<em>se considera necesario asegurar el acceso de todos los hogares a un consumo b\u00e1sico para una vida digna<\/em>\u00b4.&nbsp; Si bien la determinaci\u00f3n de lo que debe interpretarse como \u00b4<em>un consumo b\u00e1sico<\/em>\u00b4 y \u00b4<em>una vida digna<\/em>\u00b4 resulta discrecional, &nbsp;debe ser debidamente merituada teniendo en consideraci\u00f3n las particularidades regionales, para no producir nuevas desigualdades, fruto de la asignaci\u00f3n de recursos a sectores que no lo requieren\u201d.<\/p>\n\n\n\n<p>En funci\u00f3n de ello, la defensora Santagati efectu\u00f3 \u00a0algunos aportes a los fines que sean considerados en la revisi\u00f3n de la metodolog\u00eda de determinaci\u00f3n de la Canasta B\u00e1sica Energ\u00e9tica que se propone adoptar.<\/p>\n\n\n\n<p>Acced\u00e9 a la exposici\u00f3n completa<\/p>\n\n\n\n<div data-wp-interactive=\"core\/file\" class=\"wp-block-file\"><object data-wp-bind--hidden=\"!state.hasPdfPreview\" hidden class=\"wp-block-file__embed\" data=\"https:\/\/defensoriarionegro.gov.ar\/drn\/wp-content\/uploads\/2024\/03\/Audiencia-Publica-29-02-Exposicion.pdf\" type=\"application\/pdf\" style=\"width:100%;height:600px\" aria-label=\"Incrustado de Incrustado de Audiencia-Publica-29-02-Exposicion..\"><\/object><a href=\"https:\/\/defensoriarionegro.gov.ar\/drn\/wp-content\/uploads\/2024\/03\/Audiencia-Publica-29-02-Exposicion.pdf\">Audiencia-Publica-29-02-Exposicion<\/a><a href=\"https:\/\/defensoriarionegro.gov.ar\/drn\/wp-content\/uploads\/2024\/03\/Audiencia-Publica-29-02-Exposicion.pdf\" class=\"wp-block-file__button\" download>Descarga<\/a><\/div>\n","protected":false},"excerpt":{"rendered":"<p>29 de febrero de 2024- Durante la audiencia, convocada por la Secretar\u00eda de Energ\u00eda de la Naci\u00f3n, la defensora del pueblo, Adriana Santagati puntualiz\u00f3, sobre la base de la documentaci\u00f3n puesta a disposici\u00f3n, en dos temas centrales, por un lado, la redeterminaci\u00f3n de la estructura de subsidios a fin de asegurar el acceso a los [&hellip;]<\/p>\n","protected":false},"author":2,"featured_media":9653,"comment_status":"closed","ping_status":"open","sticky":false,"template":"","format":"standard","meta":{"_jetpack_memberships_contains_paid_content":false,"footnotes":""},"categories":[49],"tags":[95,28],"class_list":["post-9646","post","type-post","status-publish","format-standard","has-post-thumbnail","hentry","category-noticias","tag-audiencia-publica","tag-servicios-publicos"],"jetpack_featured_media_url":"https:\/\/defensoriarionegro.gov.ar\/drn\/wp-content\/uploads\/2024\/02\/4-1.png","jetpack_sharing_enabled":true,"_links":{"self":[{"href":"https:\/\/defensoriarionegro.gov.ar\/drn\/wp-json\/wp\/v2\/posts\/9646","targetHints":{"allow":["GET"]}}],"collection":[{"href":"https:\/\/defensoriarionegro.gov.ar\/drn\/wp-json\/wp\/v2\/posts"}],"about":[{"href":"https:\/\/defensoriarionegro.gov.ar\/drn\/wp-json\/wp\/v2\/types\/post"}],"author":[{"embeddable":true,"href":"https:\/\/defensoriarionegro.gov.ar\/drn\/wp-json\/wp\/v2\/users\/2"}],"replies":[{"embeddable":true,"href":"https:\/\/defensoriarionegro.gov.ar\/drn\/wp-json\/wp\/v2\/comments?post=9646"}],"version-history":[{"count":1,"href":"https:\/\/defensoriarionegro.gov.ar\/drn\/wp-json\/wp\/v2\/posts\/9646\/revisions"}],"predecessor-version":[{"id":12215,"href":"https:\/\/defensoriarionegro.gov.ar\/drn\/wp-json\/wp\/v2\/posts\/9646\/revisions\/12215"}],"wp:featuredmedia":[{"embeddable":true,"href":"https:\/\/defensoriarionegro.gov.ar\/drn\/wp-json\/wp\/v2\/media\/9653"}],"wp:attachment":[{"href":"https:\/\/defensoriarionegro.gov.ar\/drn\/wp-json\/wp\/v2\/media?parent=9646"}],"wp:term":[{"taxonomy":"category","embeddable":true,"href":"https:\/\/defensoriarionegro.gov.ar\/drn\/wp-json\/wp\/v2\/categories?post=9646"},{"taxonomy":"post_tag","embeddable":true,"href":"https:\/\/defensoriarionegro.gov.ar\/drn\/wp-json\/wp\/v2\/tags?post=9646"}],"curies":[{"name":"wp","href":"https:\/\/api.w.org\/{rel}","templated":true}]}}