{"id":9660,"date":"2024-03-06T09:18:41","date_gmt":"2024-03-06T12:18:41","guid":{"rendered":"https:\/\/defensoriarionegro.gov.ar\/drn\/?p=9660"},"modified":"2025-08-29T11:43:19","modified_gmt":"2025-08-29T14:43:19","slug":"acciones-por-el-restablecimiento-de-los-subsidios-nacionales-al-transporte-publico-de-pasajeros","status":"publish","type":"post","link":"https:\/\/defensoriarionegro.gov.ar\/drn\/acciones-por-el-restablecimiento-de-los-subsidios-nacionales-al-transporte-publico-de-pasajeros\/","title":{"rendered":"Acciones por el restablecimiento de los subsidios nacionales al transporte p\u00fablico de pasajeros"},"content":{"rendered":"\n<p>06 de marzo 2024- La Asociaci\u00f3n de defensores del pueblo del pa\u00eds (ADPRA), solicit\u00f3 al Gobierno Nacional el restablecimiento de los subsidios al transporte p\u00fablico de pasajeros, de manera tal que se logre el respeto a los criterios de equidad en la distribuci\u00f3n de los recursos p\u00fablicos, exigiendo que el servicio en la Argentina cumpla con los m\u00ednimos est\u00e1ndares de eficiencia y eficacia que se merece la sociedad.<\/p>\n\n\n\n<p>Desde Adpra manifestaron preocupaci\u00f3n ante la problem\u00e1tica que enfrenta el sistema de transporte p\u00fablico de pasajeros urbanos y suburbanos, en todo el pa\u00eds, producto de la decisi\u00f3n del Gobierno Nacional de suprimir los subsidios a las provincias y municipios para este servicio vital, vulnerando los derechos de los usuarios del transporte p\u00fablico, quienes ya se ven perjudicados por un servicio deficiente desde hace meses.<\/p>\n\n\n\n<p>\u201cLa eliminaci\u00f3n del \u2018Fondo Compensador del Transporte\u2019, que subsidiaba parte de los servicios de transporte p\u00fablico por automotor en \u00e1reas urbanas y suburbanas del interior del pa\u00eds, ha desatado un caos en diversas jurisdicciones, afectando el sistema de transporte con acortamiento o interrupci\u00f3n del servicio, incrementos extraordinarios del boleto, procesos de aumentos sin audiencias p\u00fablicas, restricciones en unidades y frecuencias, entre otras situaciones que han puesto al sistema en l\u00edmite\u201d.<\/p>\n\n\n\n<p>Mir\u00e1 el pronunciamiento completo de todos los defensores del pueblo.<\/p>\n\n\n\n<div data-wp-interactive=\"core\/file\" class=\"wp-block-file\"><object data-wp-bind--hidden=\"!state.hasPdfPreview\" hidden class=\"wp-block-file__embed\" data=\"https:\/\/defensoriarionegro.gov.ar\/drn\/wp-content\/uploads\/2024\/03\/ADPRA-MINISTERIO-DE-TRANSPORTE.pdf\" type=\"application\/pdf\" style=\"width:100%;height:600px\" aria-label=\"Incrustado de Incrustado de ADPRA-MINISTERIO-DE-TRANSPORTE..\"><\/object><a href=\"https:\/\/defensoriarionegro.gov.ar\/drn\/wp-content\/uploads\/2024\/03\/ADPRA-MINISTERIO-DE-TRANSPORTE.pdf\">ADPRA-MINISTERIO-DE-TRANSPORTE<\/a><a href=\"https:\/\/defensoriarionegro.gov.ar\/drn\/wp-content\/uploads\/2024\/03\/ADPRA-MINISTERIO-DE-TRANSPORTE.pdf\" class=\"wp-block-file__button\" download>Descarga<\/a><\/div>\n","protected":false},"excerpt":{"rendered":"<p>06 de marzo 2024- La Asociaci\u00f3n de defensores del pueblo del pa\u00eds (ADPRA), solicit\u00f3 al Gobierno Nacional el restablecimiento de los subsidios al transporte p\u00fablico de pasajeros, de manera tal que se logre el respeto a los criterios de equidad en la distribuci\u00f3n de los recursos p\u00fablicos, exigiendo que el servicio en la Argentina cumpla [&hellip;]<\/p>\n","protected":false},"author":2,"featured_media":9665,"comment_status":"closed","ping_status":"open","sticky":false,"template":"","format":"standard","meta":{"_jetpack_memberships_contains_paid_content":false,"footnotes":""},"categories":[49],"tags":[205],"class_list":["post-9660","post","type-post","status-publish","format-standard","has-post-thumbnail","hentry","category-noticias","tag-transporte"],"jetpack_featured_media_url":"https:\/\/defensoriarionegro.gov.ar\/drn\/wp-content\/uploads\/2024\/03\/3.png","jetpack_sharing_enabled":true,"_links":{"self":[{"href":"https:\/\/defensoriarionegro.gov.ar\/drn\/wp-json\/wp\/v2\/posts\/9660","targetHints":{"allow":["GET"]}}],"collection":[{"href":"https:\/\/defensoriarionegro.gov.ar\/drn\/wp-json\/wp\/v2\/posts"}],"about":[{"href":"https:\/\/defensoriarionegro.gov.ar\/drn\/wp-json\/wp\/v2\/types\/post"}],"author":[{"embeddable":true,"href":"https:\/\/defensoriarionegro.gov.ar\/drn\/wp-json\/wp\/v2\/users\/2"}],"replies":[{"embeddable":true,"href":"https:\/\/defensoriarionegro.gov.ar\/drn\/wp-json\/wp\/v2\/comments?post=9660"}],"version-history":[{"count":1,"href":"https:\/\/defensoriarionegro.gov.ar\/drn\/wp-json\/wp\/v2\/posts\/9660\/revisions"}],"predecessor-version":[{"id":12214,"href":"https:\/\/defensoriarionegro.gov.ar\/drn\/wp-json\/wp\/v2\/posts\/9660\/revisions\/12214"}],"wp:featuredmedia":[{"embeddable":true,"href":"https:\/\/defensoriarionegro.gov.ar\/drn\/wp-json\/wp\/v2\/media\/9665"}],"wp:attachment":[{"href":"https:\/\/defensoriarionegro.gov.ar\/drn\/wp-json\/wp\/v2\/media?parent=9660"}],"wp:term":[{"taxonomy":"category","embeddable":true,"href":"https:\/\/defensoriarionegro.gov.ar\/drn\/wp-json\/wp\/v2\/categories?post=9660"},{"taxonomy":"post_tag","embeddable":true,"href":"https:\/\/defensoriarionegro.gov.ar\/drn\/wp-json\/wp\/v2\/tags?post=9660"}],"curies":[{"name":"wp","href":"https:\/\/api.w.org\/{rel}","templated":true}]}}